{"data":[{"id":141174,"sku":"SKU-6925b6459830c","name":"Adoucisseur Perla Sph\u00e8re XL - BWT 20l  pose inclus","description":"<p><\/p>\r\n<section>Adoucisseur d'eau Perla Sph&egrave;re XL r&eacute;f&eacute;rence 125300726 de la marque BWT, con&ccedil;u pour 1 &agrave; 8 personnes. Ce mod&egrave;le &eacute;l&eacute;gant et pratique, avec son design bi-bloc, s'adapte &agrave; tous les espaces. Il offre des performances uniques gr&acirc;ce &agrave; sa r&eacute;sine monosph&egrave;re, garantissant une eau adoucie plus longtemps tout en r&eacute;duisant les consommations d'eau et de sel. L'appareil est autonome et s&eacute;curis&eacute;, int&eacute;grant des fonctionnalit&eacute;s telles que la d&eacute;sinfection des r&eacute;sines, un syst&egrave;me anti-d&eacute;bordement, une r&eacute;g&eacute;n&eacute;ration intelligente et une alarme de manque de sel. De plus, il est &eacute;quip&eacute; d'une connectivit&eacute; Bluetooth, permettant une utilisation via l'application Best Water Home.<\/section>\r\n<section>\r\n<h4>Sp&eacute;cifications techniques<\/h4>\r\nDimensions (LxPxH) : 400 &times; 510 &times; 1180 mmVolume des r&eacute;sines : 20 LCapacit&eacute; max du bac &agrave; sel : 80 kgCharge au sol : 130 kgD&eacute;bit &agrave; TH &lt; 0,2 &deg;f : 2 m3\/hRaccordement : DN 20\/&frac34;' DN 25<\/section>\r\n<section>\r\n<h4>Compatibilit&eacute; et accessoires<\/h4>\r\nKit de raccordement inclusPr&eacute;filtre fourniVanne Bypass Multiblock fournieFlexible de raccordement fourniSiphon de mise &agrave; l'&eacute;gout fourniPrise 230 V<\/section>\r\n<section>\r\n<h4>Installation<\/h4>\r\nMise en service gratuite par un technicien BWT, apr&egrave;s installation .<\/section>\r\n<section>\r\n<h4>Utilisation<\/h4>\r\nSuivi des consommations d'eau et de sel via l'application Best Water Home, avec notifications pour l'entretien de l'appareil et acc&egrave;s &agrave; la boutique en ligne BWT pour la livraison de sel &agrave; domicile en un clic.<\/section>\r\n<section>\r\n<h4>Autres informations<\/h4>\r\nGarantie de 10 ans, m&ecirc;me sur la carte &eacute;lectronique. Made in France.<\/section>","url_key":"adoucisseur-perla-sphere-xl-bwt-20l-pose-inclus-141174","base_image":{"small_image_url":"https:\/\/www.plus-que-pro.shop\/medias\/product\/141174\/Ng4MEOnVWOce9bnQWbFkAONAm40GQEGy3T4rLNh2.webp","medium_image_url":"https:\/\/www.plus-que-pro.shop\/medias\/product\/141174\/Ng4MEOnVWOce9bnQWbFkAONAm40GQEGy3T4rLNh2.webp","large_image_url":"https:\/\/www.plus-que-pro.shop\/medias\/product\/141174\/Ng4MEOnVWOce9bnQWbFkAONAm40GQEGy3T4rLNh2.webp","original_image_url":"https:\/\/www.plus-que-pro.shop\/medias\/product\/141174\/Ng4MEOnVWOce9bnQWbFkAONAm40GQEGy3T4rLNh2.webp"},"images":[{"small_image_url":"https:\/\/www.plus-que-pro.shop\/medias\/product\/141174\/Ng4MEOnVWOce9bnQWbFkAONAm40GQEGy3T4rLNh2.webp","medium_image_url":"https:\/\/www.plus-que-pro.shop\/medias\/product\/141174\/Ng4MEOnVWOce9bnQWbFkAONAm40GQEGy3T4rLNh2.webp","large_image_url":"https:\/\/www.plus-que-pro.shop\/medias\/product\/141174\/Ng4MEOnVWOce9bnQWbFkAONAm40GQEGy3T4rLNh2.webp","original_image_url":"https:\/\/www.plus-que-pro.shop\/medias\/product\/141174\/Ng4MEOnVWOce9bnQWbFkAONAm40GQEGy3T4rLNh2.webp"},{"small_image_url":"https:\/\/www.plus-que-pro.shop\/medias\/product\/141174\/kebSLyDlTaAxwxZSKRClCCcO4wuyuNBhfIK2vpzB.webp","medium_image_url":"https:\/\/www.plus-que-pro.shop\/medias\/product\/141174\/kebSLyDlTaAxwxZSKRClCCcO4wuyuNBhfIK2vpzB.webp","large_image_url":"https:\/\/www.plus-que-pro.shop\/medias\/product\/141174\/kebSLyDlTaAxwxZSKRClCCcO4wuyuNBhfIK2vpzB.webp","original_image_url":"https:\/\/www.plus-que-pro.shop\/medias\/product\/141174\/kebSLyDlTaAxwxZSKRClCCcO4wuyuNBhfIK2vpzB.webp"},{"small_image_url":"https:\/\/www.plus-que-pro.shop\/medias\/product\/141174\/124Rjy21xhwypfsFEuKv867yW60SkCxpaGLVDxkg.webp","medium_image_url":"https:\/\/www.plus-que-pro.shop\/medias\/product\/141174\/124Rjy21xhwypfsFEuKv867yW60SkCxpaGLVDxkg.webp","large_image_url":"https:\/\/www.plus-que-pro.shop\/medias\/product\/141174\/124Rjy21xhwypfsFEuKv867yW60SkCxpaGLVDxkg.webp","original_image_url":"https:\/\/www.plus-que-pro.shop\/medias\/product\/141174\/124Rjy21xhwypfsFEuKv867yW60SkCxpaGLVDxkg.webp"}],"is_new":false,"is_featured":false,"on_sale":false,"is_saleable":true,"is_wishlist":null,"is_quotation":false,"display_price":false,"min_price":"3\u202f490\u00a0\u20ac","prices":{"regular":{"price":"3490.0000","formatted_price":"3\u202f490\u00a0\u20ac"},"final":{"price":"3490.0000","formatted_price":"3\u202f490\u00a0\u20ac"}},"price_html":"<p class=\"text-4xl font-bold text-gray-900 max-sm:text-4xl\">\n        3\u202f490\u00a0\u20ac\n    <\/p>\n\n","ratings":{"average":"0.0","total":0},"reviews":{"total":0}},{"id":141172,"sku":"SKU-6925b194a784c","name":"Adoucisseur My Perla Optimum 15 L BWT pose inclus","description":"<p><\/p>\r\n<p>Protection contre les impuret&eacute;s et adoucissement de l'eau pour tous les foyers de 1 &agrave; 6 personnes, quelle que soit la duret&eacute; de l'eau. Ce syst&egrave;me garantit une eau douce en permanence gr&acirc;ce &agrave; sa r&eacute;g&eacute;n&eacute;ration volum&eacute;trique anticip&eacute;e et proportionnelle, permettant ainsi des &eacute;conomies d'eau et de sel.<\/p>\r\n<h4>Sp&eacute;cifications techniques<\/h4>\r\n<ul>\r\n<li>Capacit&eacute; de traitement : jusqu'&agrave; 6 personnes<\/li>\r\n<li>D&eacute;bit : 2.4 m3\/h (TH=10 &deg;f)<\/li>\r\n<li>Pression dynamique : 2 bars<\/li>\r\n<li>Pression statique : 5 bars<\/li>\r\n<li>Volume de r&eacute;sine : 15 L<\/li>\r\n<li>Consommation de sel : moyenne de 1 sac par personne par an<\/li>\r\n<li>Raccordement : DN 25 et DN 20 (1'' et 3\/4'')<\/li>\r\n<li>Alarme de niveau de sel : Oui<\/li>\r\n<li>Alerte de d&eacute;bit anormal : Oui<\/li>\r\n<li>S&eacute;curit&eacute; anti-d&eacute;bordement : Oui<\/li>\r\n<li>Architecture bi-bloc : bouteille et bac &agrave; sel s&eacute;par&eacute;s<\/li>\r\n<li>Bac &agrave; sel sec : pas de stagnation de la saumure<\/li>\r\n<\/ul>\r\n<h4>Compatibilit&eacute; et accessoires<\/h4>\r\n<ul>\r\n<li>Kit de raccordement inclus : siphon, pr&eacute;-filtre, flexible et bypass<\/li>\r\n<li>Mise en service constructeur incluse : Oui<\/li>\r\n<\/ul>\r\n<p><\/p>\r\n<h4>Utilisation<\/h4>\r\n<ul>\r\n<li>Mode vacances : r&eacute;g&eacute;n&eacute;ration automatique au retour apr&egrave;s une absence prolong&eacute;e<\/li>\r\n<li>Sonde de chloration : d&eacute;sinfection automatique des r&eacute;sines &agrave; chaque r&eacute;g&eacute;n&eacute;ration<\/li>\r\n<li>Nettoyage des r&eacute;sines : utiliser 2 pastilles IOCLEAN tous les 6 mois environ<\/li>\r\n<li>Recharge en sel : &agrave; v&eacute;rifier r&eacute;guli&egrave;rement ou suivant les indications de l'appareil<\/li>\r\n<\/ul>","url_key":"adoucisseur-my-perla-optimum-15-l-bwt-pose-inclus-141172","base_image":{"small_image_url":"https:\/\/www.plus-que-pro.shop\/medias\/product\/141172\/tdAzLOfDRl2ybbvXSauUEdRx6thLgjVpzGBtotJf.webp","medium_image_url":"https:\/\/www.plus-que-pro.shop\/medias\/product\/141172\/tdAzLOfDRl2ybbvXSauUEdRx6thLgjVpzGBtotJf.webp","large_image_url":"https:\/\/www.plus-que-pro.shop\/medias\/product\/141172\/tdAzLOfDRl2ybbvXSauUEdRx6thLgjVpzGBtotJf.webp","original_image_url":"https:\/\/www.plus-que-pro.shop\/medias\/product\/141172\/tdAzLOfDRl2ybbvXSauUEdRx6thLgjVpzGBtotJf.webp"},"images":[{"small_image_url":"https:\/\/www.plus-que-pro.shop\/medias\/product\/141172\/tdAzLOfDRl2ybbvXSauUEdRx6thLgjVpzGBtotJf.webp","medium_image_url":"https:\/\/www.plus-que-pro.shop\/medias\/product\/141172\/tdAzLOfDRl2ybbvXSauUEdRx6thLgjVpzGBtotJf.webp","large_image_url":"https:\/\/www.plus-que-pro.shop\/medias\/product\/141172\/tdAzLOfDRl2ybbvXSauUEdRx6thLgjVpzGBtotJf.webp","original_image_url":"https:\/\/www.plus-que-pro.shop\/medias\/product\/141172\/tdAzLOfDRl2ybbvXSauUEdRx6thLgjVpzGBtotJf.webp"},{"small_image_url":"https:\/\/www.plus-que-pro.shop\/medias\/product\/141172\/W3mKuagm0nzxnsx1BtlrPKQZxe6qqxY52O508JOP.webp","medium_image_url":"https:\/\/www.plus-que-pro.shop\/medias\/product\/141172\/W3mKuagm0nzxnsx1BtlrPKQZxe6qqxY52O508JOP.webp","large_image_url":"https:\/\/www.plus-que-pro.shop\/medias\/product\/141172\/W3mKuagm0nzxnsx1BtlrPKQZxe6qqxY52O508JOP.webp","original_image_url":"https:\/\/www.plus-que-pro.shop\/medias\/product\/141172\/W3mKuagm0nzxnsx1BtlrPKQZxe6qqxY52O508JOP.webp"},{"small_image_url":"https:\/\/www.plus-que-pro.shop\/medias\/product\/141172\/MEfEG7uDoCxVGRu9hSyCGwNHPRTZzw9SlzUnX4nk.webp","medium_image_url":"https:\/\/www.plus-que-pro.shop\/medias\/product\/141172\/MEfEG7uDoCxVGRu9hSyCGwNHPRTZzw9SlzUnX4nk.webp","large_image_url":"https:\/\/www.plus-que-pro.shop\/medias\/product\/141172\/MEfEG7uDoCxVGRu9hSyCGwNHPRTZzw9SlzUnX4nk.webp","original_image_url":"https:\/\/www.plus-que-pro.shop\/medias\/product\/141172\/MEfEG7uDoCxVGRu9hSyCGwNHPRTZzw9SlzUnX4nk.webp"}],"is_new":false,"is_featured":false,"on_sale":false,"is_saleable":true,"is_wishlist":null,"is_quotation":false,"display_price":false,"min_price":"3\u202f200\u00a0\u20ac","prices":{"regular":{"price":"3200.0000","formatted_price":"3\u202f200\u00a0\u20ac"},"final":{"price":"3200.0000","formatted_price":"3\u202f200\u00a0\u20ac"}},"price_html":"<p class=\"text-4xl font-bold text-gray-900 max-sm:text-4xl\">\n        3\u202f200\u00a0\u20ac\n    <\/p>\n\n","ratings":{"average":"0.0","total":0},"reviews":{"total":0}},{"id":141170,"sku":"SKU-6925a731e18d7","name":"pack 3 filtres remplacement osmoseur Ecosoft bwt","description":"<p><\/p>\r\n<p>1 filtre m&eacute;dia Ecomix D531. R&eacute;duit la duret&eacute;, la teneur en fer, en mangan&egrave;se, en ammonium et en mati&egrave;re organique.<\/p>\r\n<p>1 filtre m&eacute;di&eacute; Ecomix D37. R&eacute;duit la duret&eacute; de l'eau, &eacute;limine le chlore, r&eacute;duit la concentration de m&eacute;taux lourds et non ferreux<\/p>\r\n<p>1 filtre &agrave; charbon en coque de noix de coco CTO. R&eacute;duit la teneur en sous produits de chloration et en s&eacute;diments<\/p>","url_key":"pack-3-filtres-remplacement-osmoseur-ecosoft-bwt-141170","base_image":{"small_image_url":"https:\/\/www.plus-que-pro.shop\/medias\/product\/141170\/UCaBX2tBDbNCTLzSGEf5gweMqJyoadi9aL7zvzO9.webp","medium_image_url":"https:\/\/www.plus-que-pro.shop\/medias\/product\/141170\/UCaBX2tBDbNCTLzSGEf5gweMqJyoadi9aL7zvzO9.webp","large_image_url":"https:\/\/www.plus-que-pro.shop\/medias\/product\/141170\/UCaBX2tBDbNCTLzSGEf5gweMqJyoadi9aL7zvzO9.webp","original_image_url":"https:\/\/www.plus-que-pro.shop\/medias\/product\/141170\/UCaBX2tBDbNCTLzSGEf5gweMqJyoadi9aL7zvzO9.webp"},"images":[{"small_image_url":"https:\/\/www.plus-que-pro.shop\/medias\/product\/141170\/UCaBX2tBDbNCTLzSGEf5gweMqJyoadi9aL7zvzO9.webp","medium_image_url":"https:\/\/www.plus-que-pro.shop\/medias\/product\/141170\/UCaBX2tBDbNCTLzSGEf5gweMqJyoadi9aL7zvzO9.webp","large_image_url":"https:\/\/www.plus-que-pro.shop\/medias\/product\/141170\/UCaBX2tBDbNCTLzSGEf5gweMqJyoadi9aL7zvzO9.webp","original_image_url":"https:\/\/www.plus-que-pro.shop\/medias\/product\/141170\/UCaBX2tBDbNCTLzSGEf5gweMqJyoadi9aL7zvzO9.webp"}],"is_new":false,"is_featured":false,"on_sale":false,"is_saleable":true,"is_wishlist":null,"is_quotation":false,"display_price":false,"min_price":"49\u00a0\u20ac","prices":{"regular":{"price":"49.0000","formatted_price":"49\u00a0\u20ac"},"final":{"price":"49.0000","formatted_price":"49\u00a0\u20ac"}},"price_html":"<p class=\"text-4xl font-bold text-gray-900 max-sm:text-4xl\">\n        49\u00a0\u20ac\n    <\/p>\n\n","ratings":{"average":"0.0","total":0},"reviews":{"total":0}},{"id":141169,"sku":"SKU-6925a2359ae55","name":"Osmoseur mineralisant BWT Ecosoft pour eau de boisson sous evier + robinet evier 3 voie noir ou chrome pose inclus","description":"<p><\/p>\r\n<section>\r\n<p>L'osmoseur min&eacute;ralisant P'URE Balance Ecosoft est un syst&egrave;me innovant qui combine des technologies avanc&eacute;es pour fournir une eau purifi&eacute;e, d&eacute;licieuse et enrichie en min&eacute;raux essentiels comme le calcium et le magn&eacute;sium. Ce dispositif est con&ccedil;u pour &ecirc;tre &eacute;conomique et respectueux de l'environnement, tout en garantissant une filtration efficace et s&ucirc;re, m&ecirc;me pour les enfants.<\/p>\r\n<\/section>\r\n<section>\r\n<h4>Sp&eacute;cifications techniques<\/h4>\r\n<ul>\r\n<li>&Eacute;l&eacute;ment &agrave; membrane : 75 GPD (280 LPD)<\/li>\r\n<li>Volume total du r&eacute;servoir : 12 L (3.2 gal)<\/li>\r\n<li>Volume utilisable du r&eacute;servoir : jusqu'&agrave; 7 L (1.8 gal)<\/li>\r\n<li>Taux de r&eacute;cup&eacute;ration : 50%<\/li>\r\n<li>Filtre &agrave; s&eacute;diments : 5 microns<\/li>\r\n<li>Capacit&eacute; de purification : 99,8 % des contaminants<\/li>\r\n<\/ul>\r\n<\/section>","url_key":"osmoseur-ecosoft-pour-eau-de-boisson-sous-evier-robinet-evier-3-voie-noir-ou-chrome-pose-inclus-141169","base_image":{"small_image_url":"https:\/\/www.plus-que-pro.shop\/medias\/product\/141169\/NVgFW38PQ314Njj6a8qCsZcrb0MqrdQdhbOWExza.webp","medium_image_url":"https:\/\/www.plus-que-pro.shop\/medias\/product\/141169\/NVgFW38PQ314Njj6a8qCsZcrb0MqrdQdhbOWExza.webp","large_image_url":"https:\/\/www.plus-que-pro.shop\/medias\/product\/141169\/NVgFW38PQ314Njj6a8qCsZcrb0MqrdQdhbOWExza.webp","original_image_url":"https:\/\/www.plus-que-pro.shop\/medias\/product\/141169\/NVgFW38PQ314Njj6a8qCsZcrb0MqrdQdhbOWExza.webp"},"images":[{"small_image_url":"https:\/\/www.plus-que-pro.shop\/medias\/product\/141169\/NVgFW38PQ314Njj6a8qCsZcrb0MqrdQdhbOWExza.webp","medium_image_url":"https:\/\/www.plus-que-pro.shop\/medias\/product\/141169\/NVgFW38PQ314Njj6a8qCsZcrb0MqrdQdhbOWExza.webp","large_image_url":"https:\/\/www.plus-que-pro.shop\/medias\/product\/141169\/NVgFW38PQ314Njj6a8qCsZcrb0MqrdQdhbOWExza.webp","original_image_url":"https:\/\/www.plus-que-pro.shop\/medias\/product\/141169\/NVgFW38PQ314Njj6a8qCsZcrb0MqrdQdhbOWExza.webp"},{"small_image_url":"https:\/\/www.plus-que-pro.shop\/medias\/product\/141169\/elZ5AbaR0CAbY9F3BhZswzrPhEs0F1xc0U7W3Rze.webp","medium_image_url":"https:\/\/www.plus-que-pro.shop\/medias\/product\/141169\/elZ5AbaR0CAbY9F3BhZswzrPhEs0F1xc0U7W3Rze.webp","large_image_url":"https:\/\/www.plus-que-pro.shop\/medias\/product\/141169\/elZ5AbaR0CAbY9F3BhZswzrPhEs0F1xc0U7W3Rze.webp","original_image_url":"https:\/\/www.plus-que-pro.shop\/medias\/product\/141169\/elZ5AbaR0CAbY9F3BhZswzrPhEs0F1xc0U7W3Rze.webp"},{"small_image_url":"https:\/\/www.plus-que-pro.shop\/medias\/product\/141169\/I5r2zpkvYcSoeXM48eGokNXZm5RaNSNSZdobioiO.webp","medium_image_url":"https:\/\/www.plus-que-pro.shop\/medias\/product\/141169\/I5r2zpkvYcSoeXM48eGokNXZm5RaNSNSZdobioiO.webp","large_image_url":"https:\/\/www.plus-que-pro.shop\/medias\/product\/141169\/I5r2zpkvYcSoeXM48eGokNXZm5RaNSNSZdobioiO.webp","original_image_url":"https:\/\/www.plus-que-pro.shop\/medias\/product\/141169\/I5r2zpkvYcSoeXM48eGokNXZm5RaNSNSZdobioiO.webp"},{"small_image_url":"https:\/\/www.plus-que-pro.shop\/medias\/product\/141169\/UvDeuoQE2d11ku8Vu9mZdq4IMSvXvSmUvCJvkCOz.webp","medium_image_url":"https:\/\/www.plus-que-pro.shop\/medias\/product\/141169\/UvDeuoQE2d11ku8Vu9mZdq4IMSvXvSmUvCJvkCOz.webp","large_image_url":"https:\/\/www.plus-que-pro.shop\/medias\/product\/141169\/UvDeuoQE2d11ku8Vu9mZdq4IMSvXvSmUvCJvkCOz.webp","original_image_url":"https:\/\/www.plus-que-pro.shop\/medias\/product\/141169\/UvDeuoQE2d11ku8Vu9mZdq4IMSvXvSmUvCJvkCOz.webp"}],"is_new":false,"is_featured":false,"on_sale":false,"is_saleable":true,"is_wishlist":null,"is_quotation":false,"display_price":false,"min_price":"1\u202f090\u00a0\u20ac","prices":{"regular":{"price":"1090.0000","formatted_price":"1\u202f090\u00a0\u20ac"},"final":{"price":"1090.0000","formatted_price":"1\u202f090\u00a0\u20ac"}},"price_html":"<p class=\"text-4xl font-bold text-gray-900 max-sm:text-4xl\">\n        1\u202f090\u00a0\u20ac\n    <\/p>\n\n","ratings":{"average":"0.0","total":0},"reviews":{"total":0}},{"id":141167,"sku":"SKU-69259950c4468","name":"cache clim alumunium  blanc ou gris anthracite Deco Clim jusqu'a 1310 mm de largeur pose inclus","description":"<p><\/p>\r\n<p><span>Decoclim pour cacher les unit&eacute;s ext&eacute;rieures de clim.<\/span><br><span>Conception en persiennes pour une bonne circulation de l'air.<\/span><br><span>Rapide &agrave; assembler il se pose au sol ou se suspend au mur (fixations murales int&eacute;gr&eacute;es au produit) .<\/span><br><span>Pour des dimensions sup&eacute;rieures. Il peut aussi se superposer ou se mettre c&ocirc;te &agrave; c&ocirc;te (pour un double ventilateur par ex ou en pose horizontale)<\/span><br><span>Les lames persiennes diminuent la port&eacute;e du bruit g&eacute;n&eacute;r&eacute; par le compresseur.<\/span><br><span>En proposant de cacher l'unit&eacute; ext&eacute;rieure le client final acceptera plus volontiers son installation &agrave; un endroit plus pratique ou plus rapide pour l&rsquo;installateur, donc un gain de temps et co&ucirc;t pour tous.<\/span><br><span>Decoclim permet &eacute;galement d'obtenir l'accord de s'&eacute;quiper de climatiseurs au personne soumise &agrave; autorisation&nbsp;: dans une co-pro ou en fa&ccedil;ade de centre ville par exemple.<\/span><br><span>Decoclim prot&egrave;ge des intemp&eacute;ries, du vandalisme ou d'&eacute;ventuel accident domestique.<\/span><br><span>Profondeur ajustable : 150 mm (profondeur maximale indiqu&eacute;e dans les caract&eacute;ristiques)<\/span><\/p>","url_key":"cache-clim-alumunium-blanc-ou-gris-anthracite-deco-clim-jusqua-1310-mm-de-largeur-pose-inclus-141167","base_image":{"small_image_url":"https:\/\/www.plus-que-pro.shop\/medias\/product\/141167\/vyUzMvm8jREcph0qmQpettoYxm6h8dyGMzQGAlR5.webp","medium_image_url":"https:\/\/www.plus-que-pro.shop\/medias\/product\/141167\/vyUzMvm8jREcph0qmQpettoYxm6h8dyGMzQGAlR5.webp","large_image_url":"https:\/\/www.plus-que-pro.shop\/medias\/product\/141167\/vyUzMvm8jREcph0qmQpettoYxm6h8dyGMzQGAlR5.webp","original_image_url":"https:\/\/www.plus-que-pro.shop\/medias\/product\/141167\/vyUzMvm8jREcph0qmQpettoYxm6h8dyGMzQGAlR5.webp"},"images":[{"small_image_url":"https:\/\/www.plus-que-pro.shop\/medias\/product\/141167\/vyUzMvm8jREcph0qmQpettoYxm6h8dyGMzQGAlR5.webp","medium_image_url":"https:\/\/www.plus-que-pro.shop\/medias\/product\/141167\/vyUzMvm8jREcph0qmQpettoYxm6h8dyGMzQGAlR5.webp","large_image_url":"https:\/\/www.plus-que-pro.shop\/medias\/product\/141167\/vyUzMvm8jREcph0qmQpettoYxm6h8dyGMzQGAlR5.webp","original_image_url":"https:\/\/www.plus-que-pro.shop\/medias\/product\/141167\/vyUzMvm8jREcph0qmQpettoYxm6h8dyGMzQGAlR5.webp"},{"small_image_url":"https:\/\/www.plus-que-pro.shop\/medias\/product\/141167\/IvMoO8sEDjMeMzHB9uZYv6yZ4AskQpPcNZD8c7c8.webp","medium_image_url":"https:\/\/www.plus-que-pro.shop\/medias\/product\/141167\/IvMoO8sEDjMeMzHB9uZYv6yZ4AskQpPcNZD8c7c8.webp","large_image_url":"https:\/\/www.plus-que-pro.shop\/medias\/product\/141167\/IvMoO8sEDjMeMzHB9uZYv6yZ4AskQpPcNZD8c7c8.webp","original_image_url":"https:\/\/www.plus-que-pro.shop\/medias\/product\/141167\/IvMoO8sEDjMeMzHB9uZYv6yZ4AskQpPcNZD8c7c8.webp"}],"is_new":false,"is_featured":false,"on_sale":false,"is_saleable":true,"is_wishlist":null,"is_quotation":false,"display_price":false,"min_price":"790\u00a0\u20ac","prices":{"regular":{"price":"790.0000","formatted_price":"790\u00a0\u20ac"},"final":{"price":"790.0000","formatted_price":"790\u00a0\u20ac"}},"price_html":"<p class=\"text-4xl font-bold text-gray-900 max-sm:text-4xl\">\n        790\u00a0\u20ac\n    <\/p>\n\n","ratings":{"average":"0.0","total":0},"reviews":{"total":0}},{"id":141166,"sku":"SKU-6925969b777d8","name":"cache clim bois Deco Clim jusqu'a 1000 mm de largeur pose inclus","description":"<p>a<\/p>\r\n<p><span>Decoclim pour cacher les unit&eacute;s ext&eacute;rieures de clim.<\/span><br><span>Conception en persiennes pour une bonne circulation de l'air.<\/span><br><span>Rapide &agrave; assembler il se pose au sol ou se suspend au mur (fixations murales int&eacute;gr&eacute;es au produit) .<\/span><br><span>Pour des dimensions sup&eacute;rieures. Il peut aussi se superposer ou se mettre c&ocirc;te &agrave; c&ocirc;te (pour un double ventilateur par ex ou en pose horizontale)<\/span><br><span>Les lames persiennes diminuent la port&eacute;e du bruit g&eacute;n&eacute;r&eacute; par le compresseur.<\/span><br><span>En proposant de cacher l'unit&eacute; ext&eacute;rieure le client final acceptera plus volontiers son installation &agrave; un endroit plus pratique ou plus rapide pour l&rsquo;installateur, donc un gain de temps et co&ucirc;t pour tous.<\/span><br><span>Decoclim permet &eacute;galement d'obtenir l'accord de s'&eacute;quiper de climatiseurs au personne soumise &agrave; autorisation&nbsp;: dans une co-pro ou en fa&ccedil;ade de centre ville par exemple.<\/span><br><span>Decoclim prot&egrave;ge des intemp&eacute;ries, du vandalisme ou d'&eacute;ventuel accident domestique.<\/span><br><span>Profondeur ajustable : 150 mm (profondeur maximale indiqu&eacute;e dans les caract&eacute;ristiques).<\/span><\/p>","url_key":"cache-clim-bois-deco-clim-jusqua-1000-mm-de-largeur-pose-inclus-141166","base_image":{"small_image_url":"https:\/\/www.plus-que-pro.shop\/medias\/product\/141166\/iKagD9RSLH6QHzdRC0nK9JR29KlBBLhHtPEHcNkJ.webp","medium_image_url":"https:\/\/www.plus-que-pro.shop\/medias\/product\/141166\/iKagD9RSLH6QHzdRC0nK9JR29KlBBLhHtPEHcNkJ.webp","large_image_url":"https:\/\/www.plus-que-pro.shop\/medias\/product\/141166\/iKagD9RSLH6QHzdRC0nK9JR29KlBBLhHtPEHcNkJ.webp","original_image_url":"https:\/\/www.plus-que-pro.shop\/medias\/product\/141166\/iKagD9RSLH6QHzdRC0nK9JR29KlBBLhHtPEHcNkJ.webp"},"images":[{"small_image_url":"https:\/\/www.plus-que-pro.shop\/medias\/product\/141166\/iKagD9RSLH6QHzdRC0nK9JR29KlBBLhHtPEHcNkJ.webp","medium_image_url":"https:\/\/www.plus-que-pro.shop\/medias\/product\/141166\/iKagD9RSLH6QHzdRC0nK9JR29KlBBLhHtPEHcNkJ.webp","large_image_url":"https:\/\/www.plus-que-pro.shop\/medias\/product\/141166\/iKagD9RSLH6QHzdRC0nK9JR29KlBBLhHtPEHcNkJ.webp","original_image_url":"https:\/\/www.plus-que-pro.shop\/medias\/product\/141166\/iKagD9RSLH6QHzdRC0nK9JR29KlBBLhHtPEHcNkJ.webp"}],"is_new":false,"is_featured":false,"on_sale":false,"is_saleable":true,"is_wishlist":null,"is_quotation":false,"display_price":false,"min_price":"890\u00a0\u20ac","prices":{"regular":{"price":"890.0000","formatted_price":"890\u00a0\u20ac"},"final":{"price":"890.0000","formatted_price":"890\u00a0\u20ac"}},"price_html":"<p class=\"text-4xl font-bold text-gray-900 max-sm:text-4xl\">\n        890\u00a0\u20ac\n    <\/p>\n\n","ratings":{"average":"0.0","total":0},"reviews":{"total":0}},{"id":141122,"sku":"SKU-692303246e86c","name":"extension photovoltaique  1 kwc Bourgeois Global   pose inclus","description":"<p>pose et fourniture du materiel suivant&nbsp;<\/p>\r\n<p><\/p>\r\n<p>2 panneaux de 500wc Bourgeois Global&nbsp; garantie 30 ans&nbsp;<\/p>\r\n<p>1 micro onduleur 1000w&nbsp; &nbsp;Bourgeois global garantie 25 ans&nbsp;<\/p>\r\n<p>lot de guirlandes electrique Bourgeois Global&nbsp;<\/p>\r\n<p>fixation en surimposition sur toiture tuiles&nbsp;<\/p>","url_key":"extension-photovoltaique-1-kwc-bourgeois-global-pose-inclus-141122","base_image":{"small_image_url":"https:\/\/www.plus-que-pro.shop\/medias\/product\/141122\/zxJpB7muouJXJGKdGBW5f1SE6X41q9lZkChcXnPg.webp","medium_image_url":"https:\/\/www.plus-que-pro.shop\/medias\/product\/141122\/zxJpB7muouJXJGKdGBW5f1SE6X41q9lZkChcXnPg.webp","large_image_url":"https:\/\/www.plus-que-pro.shop\/medias\/product\/141122\/zxJpB7muouJXJGKdGBW5f1SE6X41q9lZkChcXnPg.webp","original_image_url":"https:\/\/www.plus-que-pro.shop\/medias\/product\/141122\/zxJpB7muouJXJGKdGBW5f1SE6X41q9lZkChcXnPg.webp"},"images":[{"small_image_url":"https:\/\/www.plus-que-pro.shop\/medias\/product\/141122\/zxJpB7muouJXJGKdGBW5f1SE6X41q9lZkChcXnPg.webp","medium_image_url":"https:\/\/www.plus-que-pro.shop\/medias\/product\/141122\/zxJpB7muouJXJGKdGBW5f1SE6X41q9lZkChcXnPg.webp","large_image_url":"https:\/\/www.plus-que-pro.shop\/medias\/product\/141122\/zxJpB7muouJXJGKdGBW5f1SE6X41q9lZkChcXnPg.webp","original_image_url":"https:\/\/www.plus-que-pro.shop\/medias\/product\/141122\/zxJpB7muouJXJGKdGBW5f1SE6X41q9lZkChcXnPg.webp"}],"is_new":false,"is_featured":false,"on_sale":false,"is_saleable":true,"is_wishlist":null,"is_quotation":false,"display_price":false,"min_price":"1\u202f900\u00a0\u20ac","prices":{"regular":{"price":"1900.0000","formatted_price":"1\u202f900\u00a0\u20ac"},"final":{"price":"1900.0000","formatted_price":"1\u202f900\u00a0\u20ac"}},"price_html":"<p class=\"text-4xl font-bold text-gray-900 max-sm:text-4xl\">\n        1\u202f900\u00a0\u20ac\n    <\/p>\n\n","ratings":{"average":"0.0","total":0},"reviews":{"total":0}},{"id":141121,"sku":"SKU-6922eee19407d","name":"climatisation quadrisplit Midea 25+25+25+25 jusqu'a 100 m2 pose inclus","description":"<p>pose et fourniture du materiel suivant&nbsp;<\/p>\r\n<p><\/p>\r\n<p>1 climatisation r&eacute;versible&nbsp; quadri splits&nbsp; split&nbsp; gaz R32 jusqu'a 100 m2 Midea&nbsp; ou equivalent<\/p>\r\n<p>prevu pour 4 piece de 25 m2 max&nbsp;<\/p>\r\n<p>montage dos a dos sans pompe de relevage avec alimentation a proximit&eacute;&nbsp;<\/p>\r\n<p>fourniture de cable d'alimentation&nbsp; + goulotte + liaison frigorifique 1\/4 3\/8<\/p>\r\n<p>mise en service compris&nbsp;<\/p>\r\n<p>explication au client&nbsp;<\/p>","url_key":"climatisation-quadrisplit-midea-25252525-jusqua-100-m2-pose-inclus-141121","base_image":{"small_image_url":"https:\/\/www.plus-que-pro.shop\/medias\/product\/141121\/s6QZ0g5qduSPDot8TWp4BReHwAEEHOD2IaQ6AnRk.webp","medium_image_url":"https:\/\/www.plus-que-pro.shop\/medias\/product\/141121\/s6QZ0g5qduSPDot8TWp4BReHwAEEHOD2IaQ6AnRk.webp","large_image_url":"https:\/\/www.plus-que-pro.shop\/medias\/product\/141121\/s6QZ0g5qduSPDot8TWp4BReHwAEEHOD2IaQ6AnRk.webp","original_image_url":"https:\/\/www.plus-que-pro.shop\/medias\/product\/141121\/s6QZ0g5qduSPDot8TWp4BReHwAEEHOD2IaQ6AnRk.webp"},"images":[{"small_image_url":"https:\/\/www.plus-que-pro.shop\/medias\/product\/141121\/s6QZ0g5qduSPDot8TWp4BReHwAEEHOD2IaQ6AnRk.webp","medium_image_url":"https:\/\/www.plus-que-pro.shop\/medias\/product\/141121\/s6QZ0g5qduSPDot8TWp4BReHwAEEHOD2IaQ6AnRk.webp","large_image_url":"https:\/\/www.plus-que-pro.shop\/medias\/product\/141121\/s6QZ0g5qduSPDot8TWp4BReHwAEEHOD2IaQ6AnRk.webp","original_image_url":"https:\/\/www.plus-que-pro.shop\/medias\/product\/141121\/s6QZ0g5qduSPDot8TWp4BReHwAEEHOD2IaQ6AnRk.webp"},{"small_image_url":"https:\/\/www.plus-que-pro.shop\/medias\/product\/141121\/RztXMevX1Q5kj24P6dLT4Uun4Slvv3CwmNPYWqs3.webp","medium_image_url":"https:\/\/www.plus-que-pro.shop\/medias\/product\/141121\/RztXMevX1Q5kj24P6dLT4Uun4Slvv3CwmNPYWqs3.webp","large_image_url":"https:\/\/www.plus-que-pro.shop\/medias\/product\/141121\/RztXMevX1Q5kj24P6dLT4Uun4Slvv3CwmNPYWqs3.webp","original_image_url":"https:\/\/www.plus-que-pro.shop\/medias\/product\/141121\/RztXMevX1Q5kj24P6dLT4Uun4Slvv3CwmNPYWqs3.webp"}],"is_new":false,"is_featured":false,"on_sale":false,"is_saleable":true,"is_wishlist":null,"is_quotation":false,"display_price":false,"min_price":"7\u202f550\u00a0\u20ac","prices":{"regular":{"price":"7550.0000","formatted_price":"7\u202f550\u00a0\u20ac"},"final":{"price":"7550.0000","formatted_price":"7\u202f550\u00a0\u20ac"}},"price_html":"<p class=\"text-4xl font-bold text-gray-900 max-sm:text-4xl\">\n        7\u202f550\u00a0\u20ac\n    <\/p>\n\n","ratings":{"average":"0.0","total":0},"reviews":{"total":0}},{"id":141120,"sku":"SKU-6922e88c150b6","name":"climatisation Tri Split  8 kw Midea 25+25+35 jusqu' a 80 m2 pose inclus","description":"<p>pose et fourniture du materiel suivant&nbsp;<\/p>\r\n<p><\/p>\r\n<p>1 climatisation r&eacute;versible&nbsp; TRi split&nbsp; gaz R32 jusqu'a 80 m2 Midea&nbsp; ou equivalent<\/p>\r\n<p>prevu pour 1 piece de 25 m2 max et 2 pieces de 35 m2<\/p>\r\n<p>montage dos a dos sans pompe de relevage avec alimentation a proximit&eacute;&nbsp;<\/p>\r\n<p>fourniture de cable d'alimentation&nbsp; + goulotte + liaison frigorifique 1\/4 3\/8<\/p>\r\n<p>mise en service compris&nbsp;<\/p>\r\n<p>explication au client&nbsp;<\/p>","url_key":"climatisation-tri-split-8-kw-midea-jusqu-a-80-m2-pose-inclus-141120","base_image":{"small_image_url":"https:\/\/www.plus-que-pro.shop\/medias\/product\/141120\/FX4t8TtdxLkEIkvDCzce1Tve39bs0VHOxV6NCygu.webp","medium_image_url":"https:\/\/www.plus-que-pro.shop\/medias\/product\/141120\/FX4t8TtdxLkEIkvDCzce1Tve39bs0VHOxV6NCygu.webp","large_image_url":"https:\/\/www.plus-que-pro.shop\/medias\/product\/141120\/FX4t8TtdxLkEIkvDCzce1Tve39bs0VHOxV6NCygu.webp","original_image_url":"https:\/\/www.plus-que-pro.shop\/medias\/product\/141120\/FX4t8TtdxLkEIkvDCzce1Tve39bs0VHOxV6NCygu.webp"},"images":[{"small_image_url":"https:\/\/www.plus-que-pro.shop\/medias\/product\/141120\/FX4t8TtdxLkEIkvDCzce1Tve39bs0VHOxV6NCygu.webp","medium_image_url":"https:\/\/www.plus-que-pro.shop\/medias\/product\/141120\/FX4t8TtdxLkEIkvDCzce1Tve39bs0VHOxV6NCygu.webp","large_image_url":"https:\/\/www.plus-que-pro.shop\/medias\/product\/141120\/FX4t8TtdxLkEIkvDCzce1Tve39bs0VHOxV6NCygu.webp","original_image_url":"https:\/\/www.plus-que-pro.shop\/medias\/product\/141120\/FX4t8TtdxLkEIkvDCzce1Tve39bs0VHOxV6NCygu.webp"},{"small_image_url":"https:\/\/www.plus-que-pro.shop\/medias\/product\/141120\/urFYO12hZVvH2rOfZKdZtesbQ5Q7RkCk9wFqZr9T.webp","medium_image_url":"https:\/\/www.plus-que-pro.shop\/medias\/product\/141120\/urFYO12hZVvH2rOfZKdZtesbQ5Q7RkCk9wFqZr9T.webp","large_image_url":"https:\/\/www.plus-que-pro.shop\/medias\/product\/141120\/urFYO12hZVvH2rOfZKdZtesbQ5Q7RkCk9wFqZr9T.webp","original_image_url":"https:\/\/www.plus-que-pro.shop\/medias\/product\/141120\/urFYO12hZVvH2rOfZKdZtesbQ5Q7RkCk9wFqZr9T.webp"}],"is_new":false,"is_featured":false,"on_sale":false,"is_saleable":true,"is_wishlist":null,"is_quotation":false,"display_price":false,"min_price":"5\u202f500\u00a0\u20ac","prices":{"regular":{"price":"5500.0000","formatted_price":"5\u202f500\u00a0\u20ac"},"final":{"price":"5500.0000","formatted_price":"5\u202f500\u00a0\u20ac"}},"price_html":"<p class=\"text-4xl font-bold text-gray-900 max-sm:text-4xl\">\n        5\u202f500\u00a0\u20ac\n    <\/p>\n\n","ratings":{"average":"0.0","total":0},"reviews":{"total":0}},{"id":141119,"sku":"SKU-6922dd4991755","name":"climatisation Bi Split  6.1 kw  Midea 25+35  jusqu'a 60 m2 pose inclus","description":"<p>pose et fourniture du materiel suivant&nbsp;<\/p>\r\n<p><\/p>\r\n<p>1 climatisation r&eacute;versible&nbsp; bi split&nbsp; gaz R32 jusqu'a 60 m2 Midea&nbsp; ou equivalent<\/p>\r\n<p>prevu pour 1 piece de 25m2 max&nbsp; et une piece de 35 m2 max&nbsp;<\/p>\r\n<p>montage dos a dos sans pompe de relevage avec alimentation a proximit&eacute;&nbsp;<\/p>\r\n<p>fourniture de cable d'alimentation&nbsp; + goulotte + liaison frigorifique 1\/4 3\/8<\/p>\r\n<p>mise en service compris&nbsp;<\/p>","url_key":"climatisation-bi-split-61-kw-midea-jusqua-60-m2-141119","base_image":{"small_image_url":"https:\/\/www.plus-que-pro.shop\/medias\/product\/141119\/t9Ct3L8BZAbeQirujDFJymcM8ZEEaaY4K1NZFhgb.webp","medium_image_url":"https:\/\/www.plus-que-pro.shop\/medias\/product\/141119\/t9Ct3L8BZAbeQirujDFJymcM8ZEEaaY4K1NZFhgb.webp","large_image_url":"https:\/\/www.plus-que-pro.shop\/medias\/product\/141119\/t9Ct3L8BZAbeQirujDFJymcM8ZEEaaY4K1NZFhgb.webp","original_image_url":"https:\/\/www.plus-que-pro.shop\/medias\/product\/141119\/t9Ct3L8BZAbeQirujDFJymcM8ZEEaaY4K1NZFhgb.webp"},"images":[{"small_image_url":"https:\/\/www.plus-que-pro.shop\/medias\/product\/141119\/t9Ct3L8BZAbeQirujDFJymcM8ZEEaaY4K1NZFhgb.webp","medium_image_url":"https:\/\/www.plus-que-pro.shop\/medias\/product\/141119\/t9Ct3L8BZAbeQirujDFJymcM8ZEEaaY4K1NZFhgb.webp","large_image_url":"https:\/\/www.plus-que-pro.shop\/medias\/product\/141119\/t9Ct3L8BZAbeQirujDFJymcM8ZEEaaY4K1NZFhgb.webp","original_image_url":"https:\/\/www.plus-que-pro.shop\/medias\/product\/141119\/t9Ct3L8BZAbeQirujDFJymcM8ZEEaaY4K1NZFhgb.webp"},{"small_image_url":"https:\/\/www.plus-que-pro.shop\/medias\/product\/141119\/dvCni0oFUOsfi1KF1uccAQ362pLn1Mz6YYxNEbSm.webp","medium_image_url":"https:\/\/www.plus-que-pro.shop\/medias\/product\/141119\/dvCni0oFUOsfi1KF1uccAQ362pLn1Mz6YYxNEbSm.webp","large_image_url":"https:\/\/www.plus-que-pro.shop\/medias\/product\/141119\/dvCni0oFUOsfi1KF1uccAQ362pLn1Mz6YYxNEbSm.webp","original_image_url":"https:\/\/www.plus-que-pro.shop\/medias\/product\/141119\/dvCni0oFUOsfi1KF1uccAQ362pLn1Mz6YYxNEbSm.webp"}],"is_new":false,"is_featured":false,"on_sale":false,"is_saleable":true,"is_wishlist":null,"is_quotation":false,"display_price":false,"min_price":"3\u202f950\u00a0\u20ac","prices":{"regular":{"price":"3950.0000","formatted_price":"3\u202f950\u00a0\u20ac"},"final":{"price":"3950.0000","formatted_price":"3\u202f950\u00a0\u20ac"}},"price_html":"<p class=\"text-4xl font-bold text-gray-900 max-sm:text-4xl\">\n        3\u202f950\u00a0\u20ac\n    <\/p>\n\n","ratings":{"average":"0.0","total":0},"reviews":{"total":0}},{"id":141118,"sku":"SKU-6922d7dc444fe","name":"climatisation r\u00e9versible Bi splits  Midea 4.1 kw 20+20 jusqu'a 40 m2 pose inclus","description":"<p>a<\/p>\r\n<p>pose et fourniture du materiel suivant&nbsp;<\/p>\r\n<p><\/p>\r\n<p>1 climatisation r&eacute;versible&nbsp; bi split&nbsp; gaz R32 jusqu'a 40 m2 Midea&nbsp; ou equivalent<\/p>\r\n<p>prevu pour 2 pieces de 20m2 max&nbsp;<\/p>\r\n<p>montage dos a dos sans pompe de relevage avec alimentation a proximit&eacute;&nbsp;<\/p>\r\n<p>fourniture de cable d'alimentation&nbsp; + goulotte + liaison frigorifique 1\/4 3\/8<\/p>\r\n<p>mise en service compris&nbsp;<\/p>\r\n<p>explication au client&nbsp;<\/p>","url_key":"climatisation-reversible-bi-splits-midea-41-kw-jusqua-40-m2-pose-inclus-141118","base_image":{"small_image_url":"https:\/\/www.plus-que-pro.shop\/medias\/product\/141118\/ZkUCScrN85QmGmCMAH9jAi3mCTJnE11qLnOGPP1I.webp","medium_image_url":"https:\/\/www.plus-que-pro.shop\/medias\/product\/141118\/ZkUCScrN85QmGmCMAH9jAi3mCTJnE11qLnOGPP1I.webp","large_image_url":"https:\/\/www.plus-que-pro.shop\/medias\/product\/141118\/ZkUCScrN85QmGmCMAH9jAi3mCTJnE11qLnOGPP1I.webp","original_image_url":"https:\/\/www.plus-que-pro.shop\/medias\/product\/141118\/ZkUCScrN85QmGmCMAH9jAi3mCTJnE11qLnOGPP1I.webp"},"images":[{"small_image_url":"https:\/\/www.plus-que-pro.shop\/medias\/product\/141118\/ZkUCScrN85QmGmCMAH9jAi3mCTJnE11qLnOGPP1I.webp","medium_image_url":"https:\/\/www.plus-que-pro.shop\/medias\/product\/141118\/ZkUCScrN85QmGmCMAH9jAi3mCTJnE11qLnOGPP1I.webp","large_image_url":"https:\/\/www.plus-que-pro.shop\/medias\/product\/141118\/ZkUCScrN85QmGmCMAH9jAi3mCTJnE11qLnOGPP1I.webp","original_image_url":"https:\/\/www.plus-que-pro.shop\/medias\/product\/141118\/ZkUCScrN85QmGmCMAH9jAi3mCTJnE11qLnOGPP1I.webp"},{"small_image_url":"https:\/\/www.plus-que-pro.shop\/medias\/product\/141118\/G3Fij0oQtesElFthxU9ZAmPdig2naxDBmNSqI3cX.webp","medium_image_url":"https:\/\/www.plus-que-pro.shop\/medias\/product\/141118\/G3Fij0oQtesElFthxU9ZAmPdig2naxDBmNSqI3cX.webp","large_image_url":"https:\/\/www.plus-que-pro.shop\/medias\/product\/141118\/G3Fij0oQtesElFthxU9ZAmPdig2naxDBmNSqI3cX.webp","original_image_url":"https:\/\/www.plus-que-pro.shop\/medias\/product\/141118\/G3Fij0oQtesElFthxU9ZAmPdig2naxDBmNSqI3cX.webp"}],"is_new":false,"is_featured":false,"on_sale":false,"is_saleable":true,"is_wishlist":null,"is_quotation":false,"display_price":false,"min_price":"3\u202f500\u00a0\u20ac","prices":{"regular":{"price":"3500.0000","formatted_price":"3\u202f500\u00a0\u20ac"},"final":{"price":"3500.0000","formatted_price":"3\u202f500\u00a0\u20ac"}},"price_html":"<p class=\"text-4xl font-bold text-gray-900 max-sm:text-4xl\">\n        3\u202f500\u00a0\u20ac\n    <\/p>\n\n","ratings":{"average":"0.0","total":0},"reviews":{"total":0}},{"id":141117,"sku":"SKU-6922cae6eebd0","name":"pompe de relevage pour unit\u00e9 interieure de climatisation en remplacement existant pose inclus","description":"<p>installation d'une pompe de relevage lors d'une pose de climatisation&nbsp; par nos service&nbsp;<\/p>","url_key":"pompe-de-relevage-pour-unite-interiure-de-climatisation-pose-inclus-141117","base_image":{"small_image_url":"https:\/\/www.plus-que-pro.shop\/medias\/product\/141117\/xYk38VJVyUCwSng7EtOKtiVItODs4LHe2cyjoP3L.webp","medium_image_url":"https:\/\/www.plus-que-pro.shop\/medias\/product\/141117\/xYk38VJVyUCwSng7EtOKtiVItODs4LHe2cyjoP3L.webp","large_image_url":"https:\/\/www.plus-que-pro.shop\/medias\/product\/141117\/xYk38VJVyUCwSng7EtOKtiVItODs4LHe2cyjoP3L.webp","original_image_url":"https:\/\/www.plus-que-pro.shop\/medias\/product\/141117\/xYk38VJVyUCwSng7EtOKtiVItODs4LHe2cyjoP3L.webp"},"images":[{"small_image_url":"https:\/\/www.plus-que-pro.shop\/medias\/product\/141117\/xYk38VJVyUCwSng7EtOKtiVItODs4LHe2cyjoP3L.webp","medium_image_url":"https:\/\/www.plus-que-pro.shop\/medias\/product\/141117\/xYk38VJVyUCwSng7EtOKtiVItODs4LHe2cyjoP3L.webp","large_image_url":"https:\/\/www.plus-que-pro.shop\/medias\/product\/141117\/xYk38VJVyUCwSng7EtOKtiVItODs4LHe2cyjoP3L.webp","original_image_url":"https:\/\/www.plus-que-pro.shop\/medias\/product\/141117\/xYk38VJVyUCwSng7EtOKtiVItODs4LHe2cyjoP3L.webp"},{"small_image_url":"https:\/\/www.plus-que-pro.shop\/medias\/product\/141117\/g0UUqVOfFDD2Lrx7zUI43eqE2r2bxyr6boL4CuPW.webp","medium_image_url":"https:\/\/www.plus-que-pro.shop\/medias\/product\/141117\/g0UUqVOfFDD2Lrx7zUI43eqE2r2bxyr6boL4CuPW.webp","large_image_url":"https:\/\/www.plus-que-pro.shop\/medias\/product\/141117\/g0UUqVOfFDD2Lrx7zUI43eqE2r2bxyr6boL4CuPW.webp","original_image_url":"https:\/\/www.plus-que-pro.shop\/medias\/product\/141117\/g0UUqVOfFDD2Lrx7zUI43eqE2r2bxyr6boL4CuPW.webp"}],"is_new":false,"is_featured":false,"on_sale":false,"is_saleable":true,"is_wishlist":null,"is_quotation":true,"display_price":true,"min_price":"450\u00a0\u20ac","prices":{"regular":{"price":"450.0000","formatted_price":"450\u00a0\u20ac"},"final":{"price":"450.0000","formatted_price":"450\u00a0\u20ac"}},"price_html":"<p class=\"text-4xl font-bold text-gray-900 max-sm:text-4xl\">\n        <span class=\"text-lg text-gray-500 block\">\u00c0 partir de<\/span>\n        450\u00a0\u20ac\n    <\/p>\n\n","ratings":{"average":"0.0","total":0},"reviews":{"total":0}},{"id":141116,"sku":"SKU-6921fa5779792","name":"climatisation r\u00e9versible\u00a0 5.28 kw\u00a0 gaz R32 jusqu'a 55 m2 Midea pose inclus","description":"<p>pose et fourniture du materiel suivant&nbsp;<\/p>\r\n<p><\/p>\r\n<p>1 climatisation r&eacute;versible&nbsp; 5 kw&nbsp; gaz R32 jusqu'a 50 m2 Hisense&nbsp; ou equivalent<\/p>\r\n<p>montage dos a dos sans pompe de relevage avec alimentation a proximit&eacute;&nbsp;<\/p>\r\n<p>fourniture de cable d'alimentation&nbsp; + goulotte + liaison frigorifique 1\/4 1\/2<\/p>\r\n<p>mise en service compris&nbsp;<\/p>\r\n<p>explication au client&nbsp;<\/p>","url_key":"climatisation-reversible-5-kw-gaz-r32-jusqua-50-m2-altech-ou-equivalent-141116","base_image":{"small_image_url":"https:\/\/www.plus-que-pro.shop\/medias\/product\/141116\/G7EZjsDeQgqzdmUKYV96VfdMsIqqVM1BXJGqgkK3.webp","medium_image_url":"https:\/\/www.plus-que-pro.shop\/medias\/product\/141116\/G7EZjsDeQgqzdmUKYV96VfdMsIqqVM1BXJGqgkK3.webp","large_image_url":"https:\/\/www.plus-que-pro.shop\/medias\/product\/141116\/G7EZjsDeQgqzdmUKYV96VfdMsIqqVM1BXJGqgkK3.webp","original_image_url":"https:\/\/www.plus-que-pro.shop\/medias\/product\/141116\/G7EZjsDeQgqzdmUKYV96VfdMsIqqVM1BXJGqgkK3.webp"},"images":[{"small_image_url":"https:\/\/www.plus-que-pro.shop\/medias\/product\/141116\/G7EZjsDeQgqzdmUKYV96VfdMsIqqVM1BXJGqgkK3.webp","medium_image_url":"https:\/\/www.plus-que-pro.shop\/medias\/product\/141116\/G7EZjsDeQgqzdmUKYV96VfdMsIqqVM1BXJGqgkK3.webp","large_image_url":"https:\/\/www.plus-que-pro.shop\/medias\/product\/141116\/G7EZjsDeQgqzdmUKYV96VfdMsIqqVM1BXJGqgkK3.webp","original_image_url":"https:\/\/www.plus-que-pro.shop\/medias\/product\/141116\/G7EZjsDeQgqzdmUKYV96VfdMsIqqVM1BXJGqgkK3.webp"}],"is_new":false,"is_featured":false,"on_sale":false,"is_saleable":true,"is_wishlist":null,"is_quotation":false,"display_price":false,"min_price":"2\u202f200\u00a0\u20ac","prices":{"regular":{"price":"2200.0000","formatted_price":"2\u202f200\u00a0\u20ac"},"final":{"price":"2200.0000","formatted_price":"2\u202f200\u00a0\u20ac"}},"price_html":"<p class=\"text-4xl font-bold text-gray-900 max-sm:text-4xl\">\n        2\u202f200\u00a0\u20ac\n    <\/p>\n\n","ratings":{"average":"0.0","total":0},"reviews":{"total":0}},{"id":141115,"sku":"SKU-6921f89a50289","name":"climatisation r\u00e9versible\u00a0 3.52 kw\u00a0 gaz R32 jusqu'a 35 m2 Midea\u00a0 pose inclus","description":"<p><\/p>\r\n<p>pose et fourniture du materiel suivant&nbsp;<\/p>\r\n<p><\/p>\r\n<p>1 climatisation r&eacute;versible&nbsp; 3.52 kw&nbsp; gaz R32 jusqu'a 35 m2 Midea ou equivalent<\/p>\r\n<p>montage dos a dos sans pompe de relevage avec alimentation a proximit&eacute;&nbsp;<\/p>\r\n<p>fourniture de cable d'alimentation&nbsp; + goulotte + liaison frigorifique 1\/4 3\/8&nbsp;<\/p>\r\n<p>mise ne service compris&nbsp;<\/p>\r\n<p>explication au client&nbsp;<\/p>","url_key":"climatisation-reversible-34-kw-gaz-r32-jusqua-35-m2-altech-ou-equivalent-141115","base_image":{"small_image_url":"https:\/\/www.plus-que-pro.shop\/medias\/product\/141115\/Qn7zOZ8mfYNvebyBXSu800WBhPRIMla1btwwAjwS.webp","medium_image_url":"https:\/\/www.plus-que-pro.shop\/medias\/product\/141115\/Qn7zOZ8mfYNvebyBXSu800WBhPRIMla1btwwAjwS.webp","large_image_url":"https:\/\/www.plus-que-pro.shop\/medias\/product\/141115\/Qn7zOZ8mfYNvebyBXSu800WBhPRIMla1btwwAjwS.webp","original_image_url":"https:\/\/www.plus-que-pro.shop\/medias\/product\/141115\/Qn7zOZ8mfYNvebyBXSu800WBhPRIMla1btwwAjwS.webp"},"images":[{"small_image_url":"https:\/\/www.plus-que-pro.shop\/medias\/product\/141115\/Qn7zOZ8mfYNvebyBXSu800WBhPRIMla1btwwAjwS.webp","medium_image_url":"https:\/\/www.plus-que-pro.shop\/medias\/product\/141115\/Qn7zOZ8mfYNvebyBXSu800WBhPRIMla1btwwAjwS.webp","large_image_url":"https:\/\/www.plus-que-pro.shop\/medias\/product\/141115\/Qn7zOZ8mfYNvebyBXSu800WBhPRIMla1btwwAjwS.webp","original_image_url":"https:\/\/www.plus-que-pro.shop\/medias\/product\/141115\/Qn7zOZ8mfYNvebyBXSu800WBhPRIMla1btwwAjwS.webp"}],"is_new":false,"is_featured":false,"on_sale":false,"is_saleable":true,"is_wishlist":null,"is_quotation":false,"display_price":false,"min_price":"1\u202f700\u00a0\u20ac","prices":{"regular":{"price":"1700.0000","formatted_price":"1\u202f700\u00a0\u20ac"},"final":{"price":"1700.0000","formatted_price":"1\u202f700\u00a0\u20ac"}},"price_html":"<p class=\"text-4xl font-bold text-gray-900 max-sm:text-4xl\">\n        1\u202f700\u00a0\u20ac\n    <\/p>\n\n","ratings":{"average":"0.0","total":0},"reviews":{"total":0}},{"id":141104,"sku":"SKU-692199d419492","name":"Kit site isol\u00e9 DEYE 3.6 kw  + 1 batterie 15kwh  pr\u00e9mont\u00e9 sur fibroflam twin + 6 panneauw 500wc  bourgeois global","description":"<p>Le kit hors reseau comprend&nbsp; le materiel suivant&nbsp;<\/p>\r\n<p>1 onduleur Off-Grid DEYE&nbsp; 3.6 kw ref SUN-3.6K-OG01LP1-EU-AM2&nbsp;<\/p>\r\n<p>1 batterie lithium 15.36 kwh&nbsp; 48v basse tension 330ah EablePower&nbsp;<\/p>\r\n<p>1coffret DC 125A coupure batterie&nbsp;<\/p>\r\n<p>1 coffret electrique AC&nbsp; avec 1 disjoncteur differentiel&nbsp; 16A 30ma vers reseau maison + 1 disjoncteur differentiel 16A 30ma&nbsp; pour entr&eacute;e g&eacute;n&eacute;ratrice 3600w max&nbsp;<\/p>\r\n<p>1 prise male de raccordement 16A monophas&eacute; hypra normalis&eacute; pour entr&eacute;e generatrice&nbsp;<\/p>\r\n<p>1 planche bois anti feu&nbsp; fibroflam&nbsp;<\/p>\r\n<p>1 detecteur de fum&eacute;e ( verification annuelle de fonctionnement a prevoir )&nbsp;<\/p>\r\n<p>1 barrette de terre ( prevoir une terre 16mm2 moins de 100ohms a raccorder sur la barrette )&nbsp;<\/p>\r\n<p><\/p>","url_key":"kit-hors-reseau-deye-36-kw-batterie-15kwh-premonte-sur-fibroflam-twin-6-panneauw-500wc-bourgeois-global-141104","base_image":{"small_image_url":"https:\/\/www.plus-que-pro.shop\/medias\/product\/141104\/sAmFumFymGdkD2G909VBl3L70PChVdZ3CyNi8uEj.webp","medium_image_url":"https:\/\/www.plus-que-pro.shop\/medias\/product\/141104\/sAmFumFymGdkD2G909VBl3L70PChVdZ3CyNi8uEj.webp","large_image_url":"https:\/\/www.plus-que-pro.shop\/medias\/product\/141104\/sAmFumFymGdkD2G909VBl3L70PChVdZ3CyNi8uEj.webp","original_image_url":"https:\/\/www.plus-que-pro.shop\/medias\/product\/141104\/sAmFumFymGdkD2G909VBl3L70PChVdZ3CyNi8uEj.webp"},"images":[{"small_image_url":"https:\/\/www.plus-que-pro.shop\/medias\/product\/141104\/sAmFumFymGdkD2G909VBl3L70PChVdZ3CyNi8uEj.webp","medium_image_url":"https:\/\/www.plus-que-pro.shop\/medias\/product\/141104\/sAmFumFymGdkD2G909VBl3L70PChVdZ3CyNi8uEj.webp","large_image_url":"https:\/\/www.plus-que-pro.shop\/medias\/product\/141104\/sAmFumFymGdkD2G909VBl3L70PChVdZ3CyNi8uEj.webp","original_image_url":"https:\/\/www.plus-que-pro.shop\/medias\/product\/141104\/sAmFumFymGdkD2G909VBl3L70PChVdZ3CyNi8uEj.webp"},{"small_image_url":"https:\/\/www.plus-que-pro.shop\/medias\/product\/141104\/e938X2AozOgP1ZUkGijwhR9SPTRZSKn24yTZitOk.webp","medium_image_url":"https:\/\/www.plus-que-pro.shop\/medias\/product\/141104\/e938X2AozOgP1ZUkGijwhR9SPTRZSKn24yTZitOk.webp","large_image_url":"https:\/\/www.plus-que-pro.shop\/medias\/product\/141104\/e938X2AozOgP1ZUkGijwhR9SPTRZSKn24yTZitOk.webp","original_image_url":"https:\/\/www.plus-que-pro.shop\/medias\/product\/141104\/e938X2AozOgP1ZUkGijwhR9SPTRZSKn24yTZitOk.webp"},{"small_image_url":"https:\/\/www.plus-que-pro.shop\/medias\/product\/141104\/FEzT1IrKPU7evOzZNLMrmid8rBdCbUjyOHvuNwS4.webp","medium_image_url":"https:\/\/www.plus-que-pro.shop\/medias\/product\/141104\/FEzT1IrKPU7evOzZNLMrmid8rBdCbUjyOHvuNwS4.webp","large_image_url":"https:\/\/www.plus-que-pro.shop\/medias\/product\/141104\/FEzT1IrKPU7evOzZNLMrmid8rBdCbUjyOHvuNwS4.webp","original_image_url":"https:\/\/www.plus-que-pro.shop\/medias\/product\/141104\/FEzT1IrKPU7evOzZNLMrmid8rBdCbUjyOHvuNwS4.webp"},{"small_image_url":"https:\/\/www.plus-que-pro.shop\/medias\/product\/141104\/fy6R1uW0yiODMHIo8BVEZAE13LEHCBzELIdppKQy.webp","medium_image_url":"https:\/\/www.plus-que-pro.shop\/medias\/product\/141104\/fy6R1uW0yiODMHIo8BVEZAE13LEHCBzELIdppKQy.webp","large_image_url":"https:\/\/www.plus-que-pro.shop\/medias\/product\/141104\/fy6R1uW0yiODMHIo8BVEZAE13LEHCBzELIdppKQy.webp","original_image_url":"https:\/\/www.plus-que-pro.shop\/medias\/product\/141104\/fy6R1uW0yiODMHIo8BVEZAE13LEHCBzELIdppKQy.webp"},{"small_image_url":"https:\/\/www.plus-que-pro.shop\/medias\/product\/141104\/3oRsUQPWPZpFa95UFQsnhpKpXBDpQgoNrLNfOtwA.webp","medium_image_url":"https:\/\/www.plus-que-pro.shop\/medias\/product\/141104\/3oRsUQPWPZpFa95UFQsnhpKpXBDpQgoNrLNfOtwA.webp","large_image_url":"https:\/\/www.plus-que-pro.shop\/medias\/product\/141104\/3oRsUQPWPZpFa95UFQsnhpKpXBDpQgoNrLNfOtwA.webp","original_image_url":"https:\/\/www.plus-que-pro.shop\/medias\/product\/141104\/3oRsUQPWPZpFa95UFQsnhpKpXBDpQgoNrLNfOtwA.webp"},{"small_image_url":"https:\/\/www.plus-que-pro.shop\/medias\/product\/141104\/EIVGY9cSXXezGA6CZ5sy0mfHwnUko5nBRJ5TeqjW.webp","medium_image_url":"https:\/\/www.plus-que-pro.shop\/medias\/product\/141104\/EIVGY9cSXXezGA6CZ5sy0mfHwnUko5nBRJ5TeqjW.webp","large_image_url":"https:\/\/www.plus-que-pro.shop\/medias\/product\/141104\/EIVGY9cSXXezGA6CZ5sy0mfHwnUko5nBRJ5TeqjW.webp","original_image_url":"https:\/\/www.plus-que-pro.shop\/medias\/product\/141104\/EIVGY9cSXXezGA6CZ5sy0mfHwnUko5nBRJ5TeqjW.webp"}],"is_new":false,"is_featured":false,"on_sale":false,"is_saleable":true,"is_wishlist":null,"is_quotation":true,"display_price":false,"min_price":"0\u00a0\u20ac","prices":{"regular":{"price":null,"formatted_price":"0\u00a0\u20ac"},"final":{"price":"0.0000","formatted_price":"0\u00a0\u20ac"}},"price_html":"","ratings":{"average":"0.0","total":0},"reviews":{"total":0}},{"id":141103,"sku":"SKU-6920b698a5cd6","name":"Borne de recharge  7kw monophas\u00e9  LEKTRI.CO + coffret de protection  pose inclus","description":"<p><\/p>\r\n<h2>Borne de recharge LEKTRI.CO One - 1P7K monophas&eacute; 7,4kW avec un c&acirc;ble de 5m T2S - WiFi - RFID - OCPP - gestion d'&eacute;nergie &amp; compatible panneaux solaires<\/h2>\r\n<h3>Borne de recharge Lektri.co One - monophas&eacute; - 1P7K<\/h3>\r\n<p>La<span>&nbsp;<\/span><strong>borne de recharge monophas&eacute;e<\/strong><span>&nbsp;<\/span>de 240 V pour v&eacute;hicules &eacute;lectriques de<span>&nbsp;<\/span><strong>type 2S (compatible avec la norme NFC-15100)<\/strong><span>&nbsp;<\/span>offre une flexibilit&eacute; accrue avec des r&eacute;glages d'amp&eacute;rage variant<span>&nbsp;<\/span><strong>de 6 A &agrave; 32 A<\/strong>. Elle permet une recharge jusqu'&agrave; 3 fois plus rapide qu'une prise murale normale renforc&eacute;e. Apr&egrave;s l'installation, utilisez l'<strong>application mobile LEKTRI.CO<\/strong><span>&nbsp;<\/span>via WiFi pour ajuster l'amp&eacute;rage selon votre installation et votre contrat fournisseur.<\/p>\r\n<h2>Caract&eacute;ristiques principales<\/h2>\r\n<ul>\r\n<li>Activation:<span>&nbsp;<\/span><strong>Plug &amp; Play<\/strong><\/li>\r\n<li>Acc&egrave;s par<span>&nbsp;<\/span><strong>carte RFID<\/strong><span>&nbsp;<\/span>- 2 cartes fournis<\/li>\r\n<li>R&eacute;glage de l'intensit&eacute; de recharge entre<span>&nbsp;<\/span><strong>6A et 32A<\/strong>, r&eacute;glable via l'application<\/li>\r\n<li>Connexion<span>&nbsp;<\/span><strong>Bluetooth - Wifi<\/strong><span>&nbsp;<\/span>: acc&egrave;s &agrave; l'App LEKTRI.co et au portail Web de LEKTRI.co<\/li>\r\n<li>Alimentation<span>&nbsp;<\/span><strong>monophas&eacute;e<\/strong><\/li>\r\n<li>Bornier pour<strong><span>&nbsp;<\/span>c&acirc;ble souple 10mm&sup2;<\/strong><\/li>\r\n<li><strong>D&eacute;tecteur de fuites courant continue 6mA int&eacute;gr&eacute;<\/strong><span>&nbsp;<\/span>dans la borne<\/li>\r\n<li>Protection<span>&nbsp;<\/span><strong>IP54 et IK10<\/strong>: r&eacute;siste aux fortes pluies et aux chocs<\/li>\r\n<li><strong>C&acirc;ble attach&eacute; type 2S -<\/strong><span>&nbsp;<\/span>longueur<span>&nbsp;<\/span><strong>5m<\/strong><\/li>\r\n<li><strong>Kit de fixation murale inclus<\/strong><\/li>\r\n<\/ul>\r\n<h2>Fonctionnalit&eacute;s<\/h2>\r\n<ul>\r\n<li><strong>Int&eacute;grations<\/strong><span>&nbsp;<\/span>: API RESTful et API RPC - Pour les int&eacute;grations externes et les solutions photovolta&iuml;ques<\/li>\r\n<li><strong>Smart Home Compatibile<\/strong><span>&nbsp;<\/span>: HomeAssistant activ&eacute; IFTTT, Google Home, Amazon Alexa et Apple HomeKit<\/li>\r\n<li><span><strong>Domotique professionnel<\/strong><\/span><span>&nbsp;<\/span>:<span>&nbsp;<\/span><strong>Jeedom<\/strong>,<span>&nbsp;<\/span><strong>KNX<\/strong><span>&nbsp;<\/span>et aussi<span>&nbsp;<\/span><strong>Sunspec<\/strong><span>&nbsp;<\/span>pour une communication directe avec des onduleur<\/li>\r\n<\/ul>\r\n<h2>Les points forts de l'application mobile<\/h2>\r\n<ul>\r\n<li><strong>Configuration facile<\/strong><span>&nbsp;<\/span>: Assistant de configuration intuitif qui vous guidera &eacute;tape par &eacute;tape<\/li>\r\n<li><strong>Contr&ocirc;le &agrave; distance<\/strong><span>&nbsp;<\/span>: D&eacute;marrez\/arr&ecirc;tez &agrave; distance le processus de recharge<\/li>\r\n<li><strong>Limite de courant<\/strong><span>&nbsp;<\/span>: Vous pouvez modifier le courant de recharge quand vous en avez besoin<\/li>\r\n<li><strong>Int&eacute;gration avec photovolta&iuml;ques<\/strong><span>&nbsp;<\/span>: Int&eacute;gration avec tous les syst&egrave;mes photovolta&iuml;ques - chargez en fonction de vos besoins<\/li>\r\n<\/ul>\r\n<h3>Utilisez l'application mobile pour piloter la borne de recharge<\/h3>\r\n<p>Optimisez votre charge avec<span>&nbsp;<\/span><strong>LEKTRI.CO<\/strong>. Avec une capacit&eacute; r&eacute;glable allant de 1,4 kW \/ 6 A &agrave; 7,4 kW \/ 32 A, vous pouvez vous connecter &agrave; des circuits de puissance inf&eacute;rieure lorsque la puissance maximale n'est pas n&eacute;cessaire et augmenter lorsque vous avez besoin de plus de puissance.<\/p>\r\n<h3>Acc&egrave;s s&eacute;curis&eacute; &agrave; la borne de recharge<\/h3>\r\n<p><strong>Deux badges RFID<\/strong><span>&nbsp;<\/span>sont inclus avec la borne ONE ainsi qu'avec la borne TRI. L'authentification peut &eacute;galement se faire<span>&nbsp;<\/span><strong>via un smartphone ou des montres connect&eacute;es<\/strong>, gr&acirc;ce au lecteur dual RFID et NFC.<\/p>\r\n<h3>&Eacute;quilibrage de charge intelligent<\/h3>\r\n<p>L'&eacute;quilibrage de charge intelligent, avec un module en option,<span>&nbsp;<\/span><strong>ajuste automatiquement la puissance de recharge<\/strong><span>&nbsp;<\/span>en fonction de la consommation &eacute;nerg&eacute;tique de la maison, maintenant la puissance totale en dessous de la limite maximale du raccordement principal.<\/p>\r\n<h3><strong>Installation de plusieurs bornes de recharge LEKTRI.CO<\/strong><\/h3>\r\n<p>Lors de l'installation de plusieurs bornes sur le m&ecirc;me circuit &eacute;lectrique, le<span>&nbsp;<\/span><strong>partage de puissance<\/strong><span>&nbsp;<\/span>permet de recharger plusieurs v&eacute;hicules &eacute;lectriques simultan&eacute;ment en toute s&eacute;curit&eacute;. La gestion intelligente de l'alimentation, avec le capteur en option, &eacute;quilibre automatiquement la puissance de recharge pour une distribution d'alimentation efficace.<\/p>\r\n<h3>Recharge 100% solaire - compatible photovolta&iuml;que<\/h3>\r\n<p>Int&eacute;grez intelligemment votre<span>&nbsp;<\/span><strong>borne de recharge avec le syst&egrave;me de panneaux photovolta&iuml;ques<\/strong>. Le capteur et la<span>&nbsp;<\/span><strong>borne Lektri.co<\/strong><span>&nbsp;<\/span>permettent de contr&ocirc;ler l'utilisation de l'&eacute;nergie g&eacute;n&eacute;r&eacute;e par les<span>&nbsp;<\/span><strong>panneaux photovolta&iuml;ques<\/strong>. Choisissez parmi les trois modes de recharge disponibles via l'application mobile : Power (charge rapide avec toute la puissance disponible), Hybrid (utilise l'&eacute;nergie solaire disponible compl&eacute;t&eacute;e par le r&eacute;seau), et Verte (utilise uniquement l'&eacute;nergie solaire).<\/p>\r\n<h3>Int&eacute;gration parfaite dans votre installation domotique<\/h3>\r\n<p>Pr&ecirc;t pour la<span>&nbsp;<\/span><strong>maison intelligente<\/strong>,<span>&nbsp;<\/span><strong>LEKTRI.CO<\/strong><span>&nbsp;<\/span>propose une<span>&nbsp;<\/span><strong>application d&eacute;di&eacute;e pour la gestion des bornes de recharges<\/strong>, ainsi que des fonctionnalit&eacute;s telles que l'int&eacute;gration avec<span>&nbsp;<\/span><strong>Home Assistant<\/strong><span>&nbsp;<\/span>pour l'automatisation avec<span>&nbsp;<\/span><strong>Google Home et Amazon Alexa<\/strong>, l'identification automatique de l'appareil, la recharge activ&eacute;e\/d&eacute;sactiv&eacute;e &agrave; distance, le r&eacute;glage du courant de charge, la gestion de la luminosit&eacute; des LED, et le r&eacute;glage dynamique de la puissance de charge avec un capteur.<\/p>\r\n<h3>Borne de recharge au design remarquable<\/h3>\r\n<p>Avec un design compact et ergonomique sign&eacute; par la c&eacute;l&egrave;bre maison de<span>&nbsp;<\/span><strong>design autrichienne EOOS<\/strong>, la<span>&nbsp;<\/span><strong>borne LEKTRI.CO<\/strong><span>&nbsp;<\/span>est<span>&nbsp;<\/span><strong>compatible avec toutes les voitures 100% &eacute;lectriques et hybrides rechargeables<\/strong>, test&eacute;e sur une gamme &eacute;tendue de mod&egrave;les.<\/p>\r\n<p><\/p>","url_key":"borne-de-recharge-7kw-monophase-lektrico-coffret-de-protection-pose-inclus-141103","base_image":{"small_image_url":"https:\/\/www.plus-que-pro.shop\/medias\/product\/141103\/NcQiSylmQK39h8l58oaBHzvmgMi5r52xVjcuM0gT.webp","medium_image_url":"https:\/\/www.plus-que-pro.shop\/medias\/product\/141103\/NcQiSylmQK39h8l58oaBHzvmgMi5r52xVjcuM0gT.webp","large_image_url":"https:\/\/www.plus-que-pro.shop\/medias\/product\/141103\/NcQiSylmQK39h8l58oaBHzvmgMi5r52xVjcuM0gT.webp","original_image_url":"https:\/\/www.plus-que-pro.shop\/medias\/product\/141103\/NcQiSylmQK39h8l58oaBHzvmgMi5r52xVjcuM0gT.webp"},"images":[{"small_image_url":"https:\/\/www.plus-que-pro.shop\/medias\/product\/141103\/NcQiSylmQK39h8l58oaBHzvmgMi5r52xVjcuM0gT.webp","medium_image_url":"https:\/\/www.plus-que-pro.shop\/medias\/product\/141103\/NcQiSylmQK39h8l58oaBHzvmgMi5r52xVjcuM0gT.webp","large_image_url":"https:\/\/www.plus-que-pro.shop\/medias\/product\/141103\/NcQiSylmQK39h8l58oaBHzvmgMi5r52xVjcuM0gT.webp","original_image_url":"https:\/\/www.plus-que-pro.shop\/medias\/product\/141103\/NcQiSylmQK39h8l58oaBHzvmgMi5r52xVjcuM0gT.webp"}],"is_new":false,"is_featured":false,"on_sale":false,"is_saleable":true,"is_wishlist":null,"is_quotation":false,"display_price":false,"min_price":"1\u202f800\u00a0\u20ac","prices":{"regular":{"price":"1800.0000","formatted_price":"1\u202f800\u00a0\u20ac"},"final":{"price":"1800.0000","formatted_price":"1\u202f800\u00a0\u20ac"}},"price_html":"<p class=\"text-4xl font-bold text-gray-900 max-sm:text-4xl\">\n        1\u202f800\u00a0\u20ac\n    <\/p>\n\n","ratings":{"average":"0.0","total":0},"reviews":{"total":0}},{"id":141099,"sku":"SKU-69209f69e68d8","name":"coffret routeur solaire  1 sortie modulable 3600w max + (1 sortie pilotage a distance shelly i4 gen3 + 1 recepteur  Shelly pro 1 modulaire  1 contact) pose inclus","description":"<p>coffret routeur solaire 2 voies&nbsp;<\/p>\r\n<p>la premiere voies est pour piloter le chauffe eau soit en modulable de 0 a 100% ou tout ou rien suivant les chauffe eau&nbsp;<\/p>\r\n<p>la 2 eme sortie est pour pilot&eacute; une pompe a chaleur de piscine par exemple avec un local piscine deport&eacute; de la maison&nbsp;<\/p>\r\n<p>le kit routeur solaire comprend&nbsp;<\/p>\r\n<p>1 coffret electrique 1 rang&eacute;es 13 modules cot&eacute; maison&nbsp;<\/p>\r\n<p>1 routeur solaire&nbsp; 2 sortie SMH Tech&nbsp;<\/p>\r\n<p>1 interdifferentiel 40a 30ma<\/p>\r\n<p>1 disjoncteur 2a&nbsp;<\/p>\r\n<p>1 contacteur pour le chauffe eau&nbsp;<\/p>\r\n<p>1 horloge pour heure creuse chauffe eau&nbsp;<\/p>\r\n<p>1module shelly I4 GEN 3 a 4 entree scenario&nbsp;<\/p>\r\n<p>1&nbsp; prise CPL&nbsp;<\/p>\r\n<p><\/p>\r\n<p>pour le cot&eacute; pompe a chaleur , spa ou autre consommateur a equip&eacute; dans coffret existant&nbsp;<\/p>\r\n<p>1 module shelly PRO1 1 sortie&nbsp;<\/p>\r\n<p>1 contacteur 25a monophas&eacute;&nbsp;<\/p>\r\n<p>1 prise cpl&nbsp;<\/p>\r\n<p><\/p>\r\n<p>pose inclus apres validation de nos service&nbsp;<\/p>","url_key":"coffret-routeur-solaire-1-sortie-modulable-3600w-max-1-sortie-pilotage-a-distance-shelly-i4-gen3-1-recepteur-shelly-pro-1-modulaire-1-contact-141099","base_image":{"small_image_url":"https:\/\/www.plus-que-pro.shop\/medias\/product\/141099\/WzLtshEXJcCbhLT6zLm6bIvs1k39QW4sOAXEtkmK.webp","medium_image_url":"https:\/\/www.plus-que-pro.shop\/medias\/product\/141099\/WzLtshEXJcCbhLT6zLm6bIvs1k39QW4sOAXEtkmK.webp","large_image_url":"https:\/\/www.plus-que-pro.shop\/medias\/product\/141099\/WzLtshEXJcCbhLT6zLm6bIvs1k39QW4sOAXEtkmK.webp","original_image_url":"https:\/\/www.plus-que-pro.shop\/medias\/product\/141099\/WzLtshEXJcCbhLT6zLm6bIvs1k39QW4sOAXEtkmK.webp"},"images":[{"small_image_url":"https:\/\/www.plus-que-pro.shop\/medias\/product\/141099\/WzLtshEXJcCbhLT6zLm6bIvs1k39QW4sOAXEtkmK.webp","medium_image_url":"https:\/\/www.plus-que-pro.shop\/medias\/product\/141099\/WzLtshEXJcCbhLT6zLm6bIvs1k39QW4sOAXEtkmK.webp","large_image_url":"https:\/\/www.plus-que-pro.shop\/medias\/product\/141099\/WzLtshEXJcCbhLT6zLm6bIvs1k39QW4sOAXEtkmK.webp","original_image_url":"https:\/\/www.plus-que-pro.shop\/medias\/product\/141099\/WzLtshEXJcCbhLT6zLm6bIvs1k39QW4sOAXEtkmK.webp"},{"small_image_url":"https:\/\/www.plus-que-pro.shop\/medias\/product\/141099\/rSRFdQkbbFnrmdYXZISW6ConwEeEUU3n0nFDLlEG.webp","medium_image_url":"https:\/\/www.plus-que-pro.shop\/medias\/product\/141099\/rSRFdQkbbFnrmdYXZISW6ConwEeEUU3n0nFDLlEG.webp","large_image_url":"https:\/\/www.plus-que-pro.shop\/medias\/product\/141099\/rSRFdQkbbFnrmdYXZISW6ConwEeEUU3n0nFDLlEG.webp","original_image_url":"https:\/\/www.plus-que-pro.shop\/medias\/product\/141099\/rSRFdQkbbFnrmdYXZISW6ConwEeEUU3n0nFDLlEG.webp"},{"small_image_url":"https:\/\/www.plus-que-pro.shop\/medias\/product\/141099\/Y6rb7jUGMZy37aCoU9ylKCHzMfGOw8T3OMpQWyKQ.webp","medium_image_url":"https:\/\/www.plus-que-pro.shop\/medias\/product\/141099\/Y6rb7jUGMZy37aCoU9ylKCHzMfGOw8T3OMpQWyKQ.webp","large_image_url":"https:\/\/www.plus-que-pro.shop\/medias\/product\/141099\/Y6rb7jUGMZy37aCoU9ylKCHzMfGOw8T3OMpQWyKQ.webp","original_image_url":"https:\/\/www.plus-que-pro.shop\/medias\/product\/141099\/Y6rb7jUGMZy37aCoU9ylKCHzMfGOw8T3OMpQWyKQ.webp"},{"small_image_url":"https:\/\/www.plus-que-pro.shop\/medias\/product\/141099\/z80HKcj6FOecMbxAbm2qp9H2C8UamsU4AnnRNxog.webp","medium_image_url":"https:\/\/www.plus-que-pro.shop\/medias\/product\/141099\/z80HKcj6FOecMbxAbm2qp9H2C8UamsU4AnnRNxog.webp","large_image_url":"https:\/\/www.plus-que-pro.shop\/medias\/product\/141099\/z80HKcj6FOecMbxAbm2qp9H2C8UamsU4AnnRNxog.webp","original_image_url":"https:\/\/www.plus-que-pro.shop\/medias\/product\/141099\/z80HKcj6FOecMbxAbm2qp9H2C8UamsU4AnnRNxog.webp"}],"is_new":false,"is_featured":false,"on_sale":false,"is_saleable":true,"is_wishlist":null,"is_quotation":false,"display_price":false,"min_price":"1\u202f900\u00a0\u20ac","prices":{"regular":{"price":"1900.0000","formatted_price":"1\u202f900\u00a0\u20ac"},"final":{"price":"1900.0000","formatted_price":"1\u202f900\u00a0\u20ac"}},"price_html":"<p class=\"text-4xl font-bold text-gray-900 max-sm:text-4xl\">\n        1\u202f900\u00a0\u20ac\n    <\/p>\n\n","ratings":{"average":"0.0","total":0},"reviews":{"total":0}},{"id":141095,"sku":"SKU-692060c78d19a","name":"souscription batterie virtuelle urban solar energy mise en service avec le client inclus","description":"<p>la sosucription de la batterie virtuelle pour installation existante&nbsp; comprend&nbsp;<\/p>\r\n<p>1 demande a urban solar pour passage batterie virtuelle&nbsp;<\/p>\r\n<p>1 demande de consuel<\/p>\r\n<p>document a fournir par le client&nbsp;<\/p>\r\n<p><\/p>\r\n<p>1 facture fournisseur d'electricit&eacute; recente&nbsp;<\/p>\r\n<p>1 declaration de non opposition&nbsp; a la pose du projet photovoltaique&nbsp; sinon faire la demande en mairie si plus en possession&nbsp;<\/p>\r\n<p>1 certificat d'adressage&nbsp; meme nom que la facture d'energie a demand&eacute; a votre mairie&nbsp;<\/p>\r\n<p><\/p>","url_key":"souscription-batterie-virtuelle-urban-solar-energy-141095","base_image":{"small_image_url":"https:\/\/www.plus-que-pro.shop\/medias\/product\/141095\/vYvSaIUkrZcpI2aRIP82QKONrYbuSuapkFlKpX7b.webp","medium_image_url":"https:\/\/www.plus-que-pro.shop\/medias\/product\/141095\/vYvSaIUkrZcpI2aRIP82QKONrYbuSuapkFlKpX7b.webp","large_image_url":"https:\/\/www.plus-que-pro.shop\/medias\/product\/141095\/vYvSaIUkrZcpI2aRIP82QKONrYbuSuapkFlKpX7b.webp","original_image_url":"https:\/\/www.plus-que-pro.shop\/medias\/product\/141095\/vYvSaIUkrZcpI2aRIP82QKONrYbuSuapkFlKpX7b.webp"},"images":[{"small_image_url":"https:\/\/www.plus-que-pro.shop\/medias\/product\/141095\/vYvSaIUkrZcpI2aRIP82QKONrYbuSuapkFlKpX7b.webp","medium_image_url":"https:\/\/www.plus-que-pro.shop\/medias\/product\/141095\/vYvSaIUkrZcpI2aRIP82QKONrYbuSuapkFlKpX7b.webp","large_image_url":"https:\/\/www.plus-que-pro.shop\/medias\/product\/141095\/vYvSaIUkrZcpI2aRIP82QKONrYbuSuapkFlKpX7b.webp","original_image_url":"https:\/\/www.plus-que-pro.shop\/medias\/product\/141095\/vYvSaIUkrZcpI2aRIP82QKONrYbuSuapkFlKpX7b.webp"}],"is_new":false,"is_featured":false,"on_sale":false,"is_saleable":true,"is_wishlist":null,"is_quotation":false,"display_price":false,"min_price":"1\u202f200\u00a0\u20ac","prices":{"regular":{"price":"1200.0000","formatted_price":"1\u202f200\u00a0\u20ac"},"final":{"price":"1200.0000","formatted_price":"1\u202f200\u00a0\u20ac"}},"price_html":"<p class=\"text-4xl font-bold text-gray-900 max-sm:text-4xl\">\n        1\u202f200\u00a0\u20ac\n    <\/p>\n\n","ratings":{"average":"0.0","total":0},"reviews":{"total":0}},{"id":141090,"sku":"SKU-6920422e3c2b0","name":"climatisation r\u00e9versible 2.64 Kw jusqu' a 25 m2 Midea pose inclus","description":"<p>pose et fourniture du materiel suivant&nbsp;<\/p>\r\n<p><\/p>\r\n<p>1 climatisation r&eacute;versible&nbsp; 2.64 kw&nbsp; gaz R32 jusqu'a 30 m2 Midea&nbsp; ou equivalent<\/p>\r\n<p>montage dos a dos sans pompe de relevage avec alimentation a proximit&eacute;&nbsp;<\/p>\r\n<p>fourniture de cable d'alimentation&nbsp; + goulotte + liaison frigorifique 1\/4 3\/8&nbsp;<\/p>\r\n<p>mise ne service compris&nbsp;<\/p>\r\n<p>explication au client&nbsp;<\/p>\r\n<p><\/p>\r\n<p><\/p>","url_key":"climatisation-revrsible-25-kw-jusqu-a-30m2-altech-ou-equivalent-pose-comprise-141090","base_image":{"small_image_url":"https:\/\/www.plus-que-pro.shop\/medias\/product\/141090\/LiwiTXVhOD4R7OjsqSymmklTVIqMN28ezHdfagKZ.webp","medium_image_url":"https:\/\/www.plus-que-pro.shop\/medias\/product\/141090\/LiwiTXVhOD4R7OjsqSymmklTVIqMN28ezHdfagKZ.webp","large_image_url":"https:\/\/www.plus-que-pro.shop\/medias\/product\/141090\/LiwiTXVhOD4R7OjsqSymmklTVIqMN28ezHdfagKZ.webp","original_image_url":"https:\/\/www.plus-que-pro.shop\/medias\/product\/141090\/LiwiTXVhOD4R7OjsqSymmklTVIqMN28ezHdfagKZ.webp"},"images":[{"small_image_url":"https:\/\/www.plus-que-pro.shop\/medias\/product\/141090\/LiwiTXVhOD4R7OjsqSymmklTVIqMN28ezHdfagKZ.webp","medium_image_url":"https:\/\/www.plus-que-pro.shop\/medias\/product\/141090\/LiwiTXVhOD4R7OjsqSymmklTVIqMN28ezHdfagKZ.webp","large_image_url":"https:\/\/www.plus-que-pro.shop\/medias\/product\/141090\/LiwiTXVhOD4R7OjsqSymmklTVIqMN28ezHdfagKZ.webp","original_image_url":"https:\/\/www.plus-que-pro.shop\/medias\/product\/141090\/LiwiTXVhOD4R7OjsqSymmklTVIqMN28ezHdfagKZ.webp"}],"is_new":false,"is_featured":false,"on_sale":false,"is_saleable":true,"is_wishlist":null,"is_quotation":false,"display_price":false,"min_price":"1\u202f500\u00a0\u20ac","prices":{"regular":{"price":"1500.0000","formatted_price":"1\u202f500\u00a0\u20ac"},"final":{"price":"1500.0000","formatted_price":"1\u202f500\u00a0\u20ac"}},"price_html":"<p class=\"text-4xl font-bold text-gray-900 max-sm:text-4xl\">\n        1\u202f500\u00a0\u20ac\n    <\/p>\n\n","ratings":{"average":"0.0","total":0},"reviews":{"total":0}},{"id":141088,"sku":"SKU-6920280c395b4","name":"Coffret DC 2 mppt + parafoudre","description":"<p><\/p>\r\n<p>Coffret de protection DC photovolta&iuml;que 600V - 2 entr&eacute;es<\/p>\r\n<p>Ce coffret de protection &eacute;lectrique DC permet la protection des panneaux solaires et de l'onduleur centralis&eacute; (2 entr&eacute;es simples MPPT), en cas d'incident sur le syst&egrave;me.<\/p>\r\n<ul>\r\n<li>Afin d'assurer la protection de votre installation photovolta&iuml;que, notamment lors d'un orage, ce coffret de protection DC est fourni avec<span>&nbsp;<\/span><strong>un parafoudre 600V<\/strong>.<\/li>\r\n<li>Ce coffret de protection est id&eacute;al pour le raccordement<span>&nbsp;<\/span><strong>jusqu'&agrave; deux cha&icirc;nes de panneaux photovolta&iuml;ques<\/strong><span>&nbsp;<\/span>sur les connecteurs MC4.<\/li>\r\n<li>Fabriqu&eacute; et test&eacute; en FRANCE suivant la r&eacute;glementation en vigueur, ce coffret de protection DC est un &eacute;quipement<span>&nbsp;<\/span><strong>de qualit&eacute; et &agrave; longue dur&eacute;e de vie<\/strong><\/li>\r\n<\/ul>","url_key":"coffret-dc-2-mppt-parafoudre-141088","base_image":{"small_image_url":"https:\/\/www.plus-que-pro.shop\/medias\/product\/141088\/JKb7uMrcDKLy5pjfxLAV2ayaYoXWtdZKU5duMxbR.webp","medium_image_url":"https:\/\/www.plus-que-pro.shop\/medias\/product\/141088\/JKb7uMrcDKLy5pjfxLAV2ayaYoXWtdZKU5duMxbR.webp","large_image_url":"https:\/\/www.plus-que-pro.shop\/medias\/product\/141088\/JKb7uMrcDKLy5pjfxLAV2ayaYoXWtdZKU5duMxbR.webp","original_image_url":"https:\/\/www.plus-que-pro.shop\/medias\/product\/141088\/JKb7uMrcDKLy5pjfxLAV2ayaYoXWtdZKU5duMxbR.webp"},"images":[{"small_image_url":"https:\/\/www.plus-que-pro.shop\/medias\/product\/141088\/JKb7uMrcDKLy5pjfxLAV2ayaYoXWtdZKU5duMxbR.webp","medium_image_url":"https:\/\/www.plus-que-pro.shop\/medias\/product\/141088\/JKb7uMrcDKLy5pjfxLAV2ayaYoXWtdZKU5duMxbR.webp","large_image_url":"https:\/\/www.plus-que-pro.shop\/medias\/product\/141088\/JKb7uMrcDKLy5pjfxLAV2ayaYoXWtdZKU5duMxbR.webp","original_image_url":"https:\/\/www.plus-que-pro.shop\/medias\/product\/141088\/JKb7uMrcDKLy5pjfxLAV2ayaYoXWtdZKU5duMxbR.webp"}],"is_new":false,"is_featured":false,"on_sale":false,"is_saleable":true,"is_wishlist":null,"is_quotation":true,"display_price":false,"min_price":"499\u00a0\u20ac","prices":{"regular":{"price":"499.0000","formatted_price":"499\u00a0\u20ac"},"final":{"price":"499.0000","formatted_price":"499\u00a0\u20ac"}},"price_html":"","ratings":{"average":"0.0","total":0},"reviews":{"total":0}},{"id":141087,"sku":"SKU-692022629844e","name":"Coffret Back Up  avec inverseur automatique 10 ms monophas\u00e9 63A Bourgeois Global","description":"<p><\/p>\r\n<p>Donn&eacute;es Techniques<br>Classe de protection : Classe II<br>Indice de Protection : IP30\/IK07<br>R&eacute;gime de Neutre : TT<br>Intensit&eacute; de Court Circuit : 4.5kA<br>Intensit&eacute; max (Sortie Onduleur) : 25A<br>Intensit&eacute; max (R&eacute;seau) : 63A<br>Tension d'utilisation (Ue): 230V~<br>Tension assign&eacute;e (Un) : 230V~<br>Tension d'isolement (Ui) : 500V<br>Tension de tenue aux Chocs (Uimp) :4kV<br>Puissance nominale : 5kW<br>Protection des personnes : Inter diff&eacute;rentiel 300mA Type F<br>Dimensions : 500 x 250 x 105<br>Poids Total : 15kg<\/p>\r\n<p><br>Conformes &agrave; la directive europ&eacute;enne en mati&egrave;re de perturbations &eacute;lectromagn&eacute;tiques (CEM)<br>Utilisation en environnement B \"Milieu R&eacute;sidentiel\"<br>Produits CE<br>Conditions d'emploi<br>Temp&eacute;rature : -20&deg; &agrave; +60&deg;C<br>Taux d'humidit&eacute; : 60%<br>Conditions Atmosph&eacute;rique : 1000hPa<br>Applications<\/p>\r\n<p><br>Armoire de protection AC\/DC pour une installation<br>Photovolta&iuml;que en autoconsommation avec 3 sources<br>de tension (Photovolta&iuml;que, Batteries et R&eacute;seau)<br>Raccordements<\/p>\r\n<p><br>Type de conducteur utilisable: Alu ou Cuivre<br>Section mini Terre principale : 6mm&sup2;<br>Section mini Panneaux PV : 6mm&sup2;<br>Section mini Onduleur : 6mm&sup2;<\/p>\r\n<p><br>S&eacute;curit&eacute; des personnes<br>L'utilisateur doit connaitre son fonctionnement ainsi que les r&egrave;gles de s&eacute;curit&eacute; &eacute;lectriques.<br>S'assurer du bon fonctionnement des interrupteurs diff&eacute;rentiels.<br>Ne pas shunter les protections &eacute;lectriques.<\/p>\r\n<p><br>Contr&ocirc;le avant utilisation<br>V&eacute;rifier le bon fonctionnement de la protection diff&eacute;rentielle : Appuyer sur le bouton \"Test\" puis r&eacute;enclencher.<br>V&eacute;rifier le serrage des appareils avant la mise so<\/p>","url_key":"coffret-back-up-avec-inverseur-automatique-10-ms-monophase-63a-bourgeois-global-141087","base_image":{"small_image_url":"https:\/\/www.plus-que-pro.shop\/medias\/product\/141087\/2fmUMkNWnnvf0d4fkEOXcaBEWQy1K0CqJ8qZ7Fab.webp","medium_image_url":"https:\/\/www.plus-que-pro.shop\/medias\/product\/141087\/2fmUMkNWnnvf0d4fkEOXcaBEWQy1K0CqJ8qZ7Fab.webp","large_image_url":"https:\/\/www.plus-que-pro.shop\/medias\/product\/141087\/2fmUMkNWnnvf0d4fkEOXcaBEWQy1K0CqJ8qZ7Fab.webp","original_image_url":"https:\/\/www.plus-que-pro.shop\/medias\/product\/141087\/2fmUMkNWnnvf0d4fkEOXcaBEWQy1K0CqJ8qZ7Fab.webp"},"images":[{"small_image_url":"https:\/\/www.plus-que-pro.shop\/medias\/product\/141087\/2fmUMkNWnnvf0d4fkEOXcaBEWQy1K0CqJ8qZ7Fab.webp","medium_image_url":"https:\/\/www.plus-que-pro.shop\/medias\/product\/141087\/2fmUMkNWnnvf0d4fkEOXcaBEWQy1K0CqJ8qZ7Fab.webp","large_image_url":"https:\/\/www.plus-que-pro.shop\/medias\/product\/141087\/2fmUMkNWnnvf0d4fkEOXcaBEWQy1K0CqJ8qZ7Fab.webp","original_image_url":"https:\/\/www.plus-que-pro.shop\/medias\/product\/141087\/2fmUMkNWnnvf0d4fkEOXcaBEWQy1K0CqJ8qZ7Fab.webp"},{"small_image_url":"https:\/\/www.plus-que-pro.shop\/medias\/product\/141087\/sxFyJaaCbcIB039YrNtFQ3zrlTELbLk5HU6xuIdk.webp","medium_image_url":"https:\/\/www.plus-que-pro.shop\/medias\/product\/141087\/sxFyJaaCbcIB039YrNtFQ3zrlTELbLk5HU6xuIdk.webp","large_image_url":"https:\/\/www.plus-que-pro.shop\/medias\/product\/141087\/sxFyJaaCbcIB039YrNtFQ3zrlTELbLk5HU6xuIdk.webp","original_image_url":"https:\/\/www.plus-que-pro.shop\/medias\/product\/141087\/sxFyJaaCbcIB039YrNtFQ3zrlTELbLk5HU6xuIdk.webp"}],"is_new":false,"is_featured":false,"on_sale":false,"is_saleable":true,"is_wishlist":null,"is_quotation":true,"display_price":false,"min_price":"1\u202f199\u00a0\u20ac","prices":{"regular":{"price":"1199.0000","formatted_price":"1\u202f199\u00a0\u20ac"},"final":{"price":"1199.0000","formatted_price":"1\u202f199\u00a0\u20ac"}},"price_html":"","ratings":{"average":"0.0","total":0},"reviews":{"total":0}},{"id":141086,"sku":"SKU-691f6aedba4c8","name":"Kit couplage AC triphas\u00e9  8 kw DEYE hybride  + batterie 15 KWH","description":"<p>Kit couplage &nbsp;AC DEYE Hybride 3.6kw&nbsp; + Stockage 15 kwh&nbsp;<\/p>\r\n<p>le kit comprend&nbsp;<\/p>\r\n<p>1 onduleur triphas&eacute; 8KW DEYE REF SUN-8K-SG05LP3-EU-SM2 + dongle wifi inclus + 3 tore de mesure inclus&nbsp;<\/p>\r\n<p>1 Batterie Lithium lifepo4 15.36 kwh ref V48300 EABLE POWER&nbsp; cable de connexion alimentation + et - et cable de communication inclus&nbsp;<\/p>\r\n<p>1 coffret AC 9 kw triphas&eacute;&nbsp;<\/p>\r\n<p>1 coffret DC BATTERIE 125 A obligatoire&nbsp;<\/p>\r\n<p>3 metre cable ro2v 5g6<\/p>\r\n<p>3 metre cable souple 5g2.5<\/p>\r\n<p>3 metre fil vert jaune 6 mm2<\/p>\r\n<p>lot etiquette consuel&nbsp;<\/p>","url_key":"kit-couplage-ac-triphase-8-kw-deye-hibride-battarie-15-kwh-141086","base_image":{"small_image_url":"https:\/\/www.plus-que-pro.shop\/medias\/product\/141086\/F3V0foyJdfqw5rqf3nnF79qnEzgP6q02S8XkskO0.webp","medium_image_url":"https:\/\/www.plus-que-pro.shop\/medias\/product\/141086\/F3V0foyJdfqw5rqf3nnF79qnEzgP6q02S8XkskO0.webp","large_image_url":"https:\/\/www.plus-que-pro.shop\/medias\/product\/141086\/F3V0foyJdfqw5rqf3nnF79qnEzgP6q02S8XkskO0.webp","original_image_url":"https:\/\/www.plus-que-pro.shop\/medias\/product\/141086\/F3V0foyJdfqw5rqf3nnF79qnEzgP6q02S8XkskO0.webp"},"images":[{"small_image_url":"https:\/\/www.plus-que-pro.shop\/medias\/product\/141086\/F3V0foyJdfqw5rqf3nnF79qnEzgP6q02S8XkskO0.webp","medium_image_url":"https:\/\/www.plus-que-pro.shop\/medias\/product\/141086\/F3V0foyJdfqw5rqf3nnF79qnEzgP6q02S8XkskO0.webp","large_image_url":"https:\/\/www.plus-que-pro.shop\/medias\/product\/141086\/F3V0foyJdfqw5rqf3nnF79qnEzgP6q02S8XkskO0.webp","original_image_url":"https:\/\/www.plus-que-pro.shop\/medias\/product\/141086\/F3V0foyJdfqw5rqf3nnF79qnEzgP6q02S8XkskO0.webp"},{"small_image_url":"https:\/\/www.plus-que-pro.shop\/medias\/product\/141086\/nJRkkw6ISbNyx3nNckQQM8CXKW4sMvUVP1i0b6Oo.webp","medium_image_url":"https:\/\/www.plus-que-pro.shop\/medias\/product\/141086\/nJRkkw6ISbNyx3nNckQQM8CXKW4sMvUVP1i0b6Oo.webp","large_image_url":"https:\/\/www.plus-que-pro.shop\/medias\/product\/141086\/nJRkkw6ISbNyx3nNckQQM8CXKW4sMvUVP1i0b6Oo.webp","original_image_url":"https:\/\/www.plus-que-pro.shop\/medias\/product\/141086\/nJRkkw6ISbNyx3nNckQQM8CXKW4sMvUVP1i0b6Oo.webp"},{"small_image_url":"https:\/\/www.plus-que-pro.shop\/medias\/product\/141086\/g94z29j39v95SrQkNwlLjY6XHowD6FrT7BtY3D8A.webp","medium_image_url":"https:\/\/www.plus-que-pro.shop\/medias\/product\/141086\/g94z29j39v95SrQkNwlLjY6XHowD6FrT7BtY3D8A.webp","large_image_url":"https:\/\/www.plus-que-pro.shop\/medias\/product\/141086\/g94z29j39v95SrQkNwlLjY6XHowD6FrT7BtY3D8A.webp","original_image_url":"https:\/\/www.plus-que-pro.shop\/medias\/product\/141086\/g94z29j39v95SrQkNwlLjY6XHowD6FrT7BtY3D8A.webp"},{"small_image_url":"https:\/\/www.plus-que-pro.shop\/medias\/product\/141086\/iJ21AKZkkvz15pl8HmBsGtYRGgvR0wSFdm50Md0N.webp","medium_image_url":"https:\/\/www.plus-que-pro.shop\/medias\/product\/141086\/iJ21AKZkkvz15pl8HmBsGtYRGgvR0wSFdm50Md0N.webp","large_image_url":"https:\/\/www.plus-que-pro.shop\/medias\/product\/141086\/iJ21AKZkkvz15pl8HmBsGtYRGgvR0wSFdm50Md0N.webp","original_image_url":"https:\/\/www.plus-que-pro.shop\/medias\/product\/141086\/iJ21AKZkkvz15pl8HmBsGtYRGgvR0wSFdm50Md0N.webp"},{"small_image_url":"https:\/\/www.plus-que-pro.shop\/medias\/product\/141086\/xFT9FJDQx7aUqoj9j4PpcfDF7IE6PmFiqmjtUkzg.webp","medium_image_url":"https:\/\/www.plus-que-pro.shop\/medias\/product\/141086\/xFT9FJDQx7aUqoj9j4PpcfDF7IE6PmFiqmjtUkzg.webp","large_image_url":"https:\/\/www.plus-que-pro.shop\/medias\/product\/141086\/xFT9FJDQx7aUqoj9j4PpcfDF7IE6PmFiqmjtUkzg.webp","original_image_url":"https:\/\/www.plus-que-pro.shop\/medias\/product\/141086\/xFT9FJDQx7aUqoj9j4PpcfDF7IE6PmFiqmjtUkzg.webp"}],"is_new":false,"is_featured":false,"on_sale":false,"is_saleable":true,"is_wishlist":null,"is_quotation":true,"display_price":false,"min_price":"5\u202f720\u00a0\u20ac","prices":{"regular":{"price":"5720.0000","formatted_price":"5\u202f720\u00a0\u20ac"},"final":{"price":"5720.0000","formatted_price":"5\u202f720\u00a0\u20ac"}},"price_html":"","ratings":{"average":"0.0","total":0},"reviews":{"total":0}},{"id":141085,"sku":"SKU-691f5dceb4143","name":"Kit couplage AC monophas\u00e9 DEYE Hybride 3.6 kw + batterie  DEYE 10 kwh","description":"<p>Kit couplage &nbsp;AC DEYE Hybride 3.6kw&nbsp; + Stockage 10 kwh DEYE<\/p>\r\n<p>le kit comprend&nbsp;<\/p>\r\n<p>1 onduleur 3.6 KW DEYE REF SUN-3.6K-SG05LP1-EU-AM2-T + dongle wifi inclus + 1 tore de mesure inclus&nbsp;<\/p>\r\n<p>1 Batterie Lithium lifepo4 10 kwh&nbsp; DEYE&nbsp; &nbsp;cable de connexion alimentation + et - et cable de communication inclus&nbsp;<\/p>\r\n<p>1 coffret AC 4 kw&nbsp;<\/p>\r\n<p>1 coffret DC BATTERIE 125 A obligatoire&nbsp;<\/p>\r\n<p>3 metre cable ro2v 3g6<\/p>\r\n<p>3 metre cable souple 3g2.5<\/p>\r\n<p>3 metre fil vert jaune 6 mm2<\/p>\r\n<p>lot etiquette consuel&nbsp;<\/p>\r\n<p><\/p>","url_key":"kit-couplage-monophase-ac-deye-hybride-36-kw-stockage-15-kwh-141085","base_image":{"small_image_url":"https:\/\/www.plus-que-pro.shop\/medias\/product\/141085\/1PXUGzAxKTlLOY0gVk4oO6CxYOz6HGFPDQM8oqJl.webp","medium_image_url":"https:\/\/www.plus-que-pro.shop\/medias\/product\/141085\/1PXUGzAxKTlLOY0gVk4oO6CxYOz6HGFPDQM8oqJl.webp","large_image_url":"https:\/\/www.plus-que-pro.shop\/medias\/product\/141085\/1PXUGzAxKTlLOY0gVk4oO6CxYOz6HGFPDQM8oqJl.webp","original_image_url":"https:\/\/www.plus-que-pro.shop\/medias\/product\/141085\/1PXUGzAxKTlLOY0gVk4oO6CxYOz6HGFPDQM8oqJl.webp"},"images":[{"small_image_url":"https:\/\/www.plus-que-pro.shop\/medias\/product\/141085\/1PXUGzAxKTlLOY0gVk4oO6CxYOz6HGFPDQM8oqJl.webp","medium_image_url":"https:\/\/www.plus-que-pro.shop\/medias\/product\/141085\/1PXUGzAxKTlLOY0gVk4oO6CxYOz6HGFPDQM8oqJl.webp","large_image_url":"https:\/\/www.plus-que-pro.shop\/medias\/product\/141085\/1PXUGzAxKTlLOY0gVk4oO6CxYOz6HGFPDQM8oqJl.webp","original_image_url":"https:\/\/www.plus-que-pro.shop\/medias\/product\/141085\/1PXUGzAxKTlLOY0gVk4oO6CxYOz6HGFPDQM8oqJl.webp"},{"small_image_url":"https:\/\/www.plus-que-pro.shop\/medias\/product\/141085\/YVhaOYmGxsIabnP3I7YeU8cornrdAkzvBdieSbR1.webp","medium_image_url":"https:\/\/www.plus-que-pro.shop\/medias\/product\/141085\/YVhaOYmGxsIabnP3I7YeU8cornrdAkzvBdieSbR1.webp","large_image_url":"https:\/\/www.plus-que-pro.shop\/medias\/product\/141085\/YVhaOYmGxsIabnP3I7YeU8cornrdAkzvBdieSbR1.webp","original_image_url":"https:\/\/www.plus-que-pro.shop\/medias\/product\/141085\/YVhaOYmGxsIabnP3I7YeU8cornrdAkzvBdieSbR1.webp"},{"small_image_url":"https:\/\/www.plus-que-pro.shop\/medias\/product\/141085\/BTj8Qu4NCF2dq3viZk1FG57aFNlFNQiMw296MpiU.webp","medium_image_url":"https:\/\/www.plus-que-pro.shop\/medias\/product\/141085\/BTj8Qu4NCF2dq3viZk1FG57aFNlFNQiMw296MpiU.webp","large_image_url":"https:\/\/www.plus-que-pro.shop\/medias\/product\/141085\/BTj8Qu4NCF2dq3viZk1FG57aFNlFNQiMw296MpiU.webp","original_image_url":"https:\/\/www.plus-que-pro.shop\/medias\/product\/141085\/BTj8Qu4NCF2dq3viZk1FG57aFNlFNQiMw296MpiU.webp"},{"small_image_url":"https:\/\/www.plus-que-pro.shop\/medias\/product\/141085\/n9AYwQtHDAiTAlGUxl3ptc4CU1hzhfE2FeiZHayg.webp","medium_image_url":"https:\/\/www.plus-que-pro.shop\/medias\/product\/141085\/n9AYwQtHDAiTAlGUxl3ptc4CU1hzhfE2FeiZHayg.webp","large_image_url":"https:\/\/www.plus-que-pro.shop\/medias\/product\/141085\/n9AYwQtHDAiTAlGUxl3ptc4CU1hzhfE2FeiZHayg.webp","original_image_url":"https:\/\/www.plus-que-pro.shop\/medias\/product\/141085\/n9AYwQtHDAiTAlGUxl3ptc4CU1hzhfE2FeiZHayg.webp"}],"is_new":false,"is_featured":false,"on_sale":false,"is_saleable":true,"is_wishlist":null,"is_quotation":true,"display_price":false,"min_price":"4\u202f249\u00a0\u20ac","prices":{"regular":{"price":"4249.0000","formatted_price":"4\u202f249\u00a0\u20ac"},"final":{"price":"4249.0000","formatted_price":"4\u202f249\u00a0\u20ac"}},"price_html":"","ratings":{"average":"0.0","total":0},"reviews":{"total":0}},{"id":141074,"sku":"SKU-691f28bc9d46c","name":"Onduleur Hybride monophas\u00e9 DEYE SUN-6K-SG05LP1-EU-AM2 -P    6 KW","description":"<p>Onduleur Hybride monophas&eacute; DEYE 6kw&nbsp;<\/p>\r\n<p>ref SUN-6K-SG05LP1-EU-AM2 -P<\/p>\r\n<p>conforme norme reseau france EN 50549<\/p>\r\n<p>garantie 10 ans constructeur DEYE&nbsp;<\/p>\r\n<p>compatible batterie basse tension&nbsp; entre 40 et 60 V&nbsp;<\/p>\r\n<p>couplage AC sur installation photovoltaique disponible&nbsp; via compteur tri en sus&nbsp;<\/p>\r\n<p>charge et decharge possible avec 6 periodes programmable<\/p>\r\n<p>dongle wifi compris&nbsp;<\/p>\r\n<p>1 tore de mesure inclus&nbsp;<\/p>","url_key":"onduleur-hybride-monophase-deye-sun-6k-sg05lp1-eu-am-p-6-kw-141074","base_image":{"small_image_url":"https:\/\/www.plus-que-pro.shop\/medias\/product\/141074\/cv0f4GrQeAKoS0R4fAdQuxyqSsPhp6mon8AbZyWM.webp","medium_image_url":"https:\/\/www.plus-que-pro.shop\/medias\/product\/141074\/cv0f4GrQeAKoS0R4fAdQuxyqSsPhp6mon8AbZyWM.webp","large_image_url":"https:\/\/www.plus-que-pro.shop\/medias\/product\/141074\/cv0f4GrQeAKoS0R4fAdQuxyqSsPhp6mon8AbZyWM.webp","original_image_url":"https:\/\/www.plus-que-pro.shop\/medias\/product\/141074\/cv0f4GrQeAKoS0R4fAdQuxyqSsPhp6mon8AbZyWM.webp"},"images":[{"small_image_url":"https:\/\/www.plus-que-pro.shop\/medias\/product\/141074\/cv0f4GrQeAKoS0R4fAdQuxyqSsPhp6mon8AbZyWM.webp","medium_image_url":"https:\/\/www.plus-que-pro.shop\/medias\/product\/141074\/cv0f4GrQeAKoS0R4fAdQuxyqSsPhp6mon8AbZyWM.webp","large_image_url":"https:\/\/www.plus-que-pro.shop\/medias\/product\/141074\/cv0f4GrQeAKoS0R4fAdQuxyqSsPhp6mon8AbZyWM.webp","original_image_url":"https:\/\/www.plus-que-pro.shop\/medias\/product\/141074\/cv0f4GrQeAKoS0R4fAdQuxyqSsPhp6mon8AbZyWM.webp"},{"small_image_url":"https:\/\/www.plus-que-pro.shop\/medias\/product\/141074\/sNGNuaEcMollzHvs2OmoEqvX14d6hKNniNnWE8PP.webp","medium_image_url":"https:\/\/www.plus-que-pro.shop\/medias\/product\/141074\/sNGNuaEcMollzHvs2OmoEqvX14d6hKNniNnWE8PP.webp","large_image_url":"https:\/\/www.plus-que-pro.shop\/medias\/product\/141074\/sNGNuaEcMollzHvs2OmoEqvX14d6hKNniNnWE8PP.webp","original_image_url":"https:\/\/www.plus-que-pro.shop\/medias\/product\/141074\/sNGNuaEcMollzHvs2OmoEqvX14d6hKNniNnWE8PP.webp"},{"small_image_url":"https:\/\/www.plus-que-pro.shop\/medias\/product\/141074\/4gD3FjXzyNVPZ9gfu34eOkAbtKcMt2XvZycisyCl.webp","medium_image_url":"https:\/\/www.plus-que-pro.shop\/medias\/product\/141074\/4gD3FjXzyNVPZ9gfu34eOkAbtKcMt2XvZycisyCl.webp","large_image_url":"https:\/\/www.plus-que-pro.shop\/medias\/product\/141074\/4gD3FjXzyNVPZ9gfu34eOkAbtKcMt2XvZycisyCl.webp","original_image_url":"https:\/\/www.plus-que-pro.shop\/medias\/product\/141074\/4gD3FjXzyNVPZ9gfu34eOkAbtKcMt2XvZycisyCl.webp"}],"is_new":false,"is_featured":false,"on_sale":false,"is_saleable":true,"is_wishlist":null,"is_quotation":true,"display_price":false,"min_price":"1\u202f449\u00a0\u20ac","prices":{"regular":{"price":"1449.0000","formatted_price":"1\u202f449\u00a0\u20ac"},"final":{"price":"1449.0000","formatted_price":"1\u202f449\u00a0\u20ac"}},"price_html":"","ratings":{"average":"0.0","total":0},"reviews":{"total":0}}],"links":{"first":"https:\/\/www.plus-que-pro.shop\/marketplace\/seller\/colombera-energie-aiguillon\/products?page=1","last":"https:\/\/www.plus-que-pro.shop\/marketplace\/seller\/colombera-energie-aiguillon\/products?page=5","prev":"https:\/\/www.plus-que-pro.shop\/marketplace\/seller\/colombera-energie-aiguillon\/products?page=2","next":"https:\/\/www.plus-que-pro.shop\/marketplace\/seller\/colombera-energie-aiguillon\/products?page=4"},"meta":{"current_page":3,"from":49,"last_page":5,"links":[{"url":"https:\/\/www.plus-que-pro.shop\/marketplace\/seller\/colombera-energie-aiguillon\/products?page=2","label":"&laquo; Pr\u00e9c\u00e9dent","active":false},{"url":"https:\/\/www.plus-que-pro.shop\/marketplace\/seller\/colombera-energie-aiguillon\/products?page=1","label":"1","active":false},{"url":"https:\/\/www.plus-que-pro.shop\/marketplace\/seller\/colombera-energie-aiguillon\/products?page=2","label":"2","active":false},{"url":"https:\/\/www.plus-que-pro.shop\/marketplace\/seller\/colombera-energie-aiguillon\/products?page=3","label":"3","active":true},{"url":"https:\/\/www.plus-que-pro.shop\/marketplace\/seller\/colombera-energie-aiguillon\/products?page=4","label":"4","active":false},{"url":"https:\/\/www.plus-que-pro.shop\/marketplace\/seller\/colombera-energie-aiguillon\/products?page=5","label":"5","active":false},{"url":"https:\/\/www.plus-que-pro.shop\/marketplace\/seller\/colombera-energie-aiguillon\/products?page=4","label":"Suivant &raquo;","active":false}],"path":"https:\/\/www.plus-que-pro.shop\/marketplace\/seller\/colombera-energie-aiguillon\/products","per_page":24,"to":72,"total":103}}